{"id":34471,"date":"2025-08-25T14:42:41","date_gmt":"2025-08-25T14:42:41","guid":{"rendered":"https:\/\/ecosdelsur.com\/?p=34471"},"modified":"2025-08-25T14:42:41","modified_gmt":"2025-08-25T14:42:41","slug":"el-gobierno-de-santa-cruz-entrego-titulos-de-propiedad-a-familias-de-piedra-buena","status":"publish","type":"post","link":"https:\/\/ecosdelsur.com\/?p=34471","title":{"rendered":"El Gobierno de Santa Cruz entreg\u00f3 t\u00edtulos de propiedad a familias de Piedra Buena"},"content":{"rendered":"<p><span class=\"itemDateCreated\" style=\"color: #ff0000;\">Lunes, 25 Agosto 2025 &#8211; <\/span>En el marco del 192\u00b0 Aniversario del Nacimiento del Comandante Luis Piedra Buena, y el 92\u00b0 Aniversario de la Imposici\u00f3n de su Nombre a la localidad,\u00a0 el Gobierno de Santa Cruz, a trav\u00e9s del Instituto de Desarrollo Urbano y Vivienda (IDUV), llev\u00f3 adelante la entrega de 23 t\u00edtulos de propiedad a familias de la comunidad.<\/p>\n<p><img decoding=\"async\" class=\"alignnone size-full wp-image-34473 lazyload\" data-src=\"https:\/\/ecosdelsur.com\/wp-content\/uploads\/2025\/08\/ef58f036632bc5c1f44b1219e01c8765_XL.jpg\" alt=\"\" width=\"900\" height=\"600\" data-srcset=\"https:\/\/ecosdelsur.com\/wp-content\/uploads\/2025\/08\/ef58f036632bc5c1f44b1219e01c8765_XL.jpg 900w, https:\/\/ecosdelsur.com\/wp-content\/uploads\/2025\/08\/ef58f036632bc5c1f44b1219e01c8765_XL-300x200.jpg 300w, https:\/\/ecosdelsur.com\/wp-content\/uploads\/2025\/08\/ef58f036632bc5c1f44b1219e01c8765_XL-768x512.jpg 768w\" data-sizes=\"(max-width: 900px) 100vw, 900px\" src=\"data:image\/svg+xml;base64,PHN2ZyB3aWR0aD0iMSIgaGVpZ2h0PSIxIiB4bWxucz0iaHR0cDovL3d3dy53My5vcmcvMjAwMC9zdmciPjwvc3ZnPg==\" style=\"--smush-placeholder-width: 900px; --smush-placeholder-aspect-ratio: 900\/600;\" \/><\/p>\n<div class=\"itemFullText\">\n<p>El acto se desarroll\u00f3 ayer por la tarde en el Sal\u00f3n de Usos M\u00faltiples del municipio, y cont\u00f3 con la presencia del gobernador Claudio Vidal, quien destac\u00f3: &#8220;Esto tiene que ver con una enorme decisi\u00f3n pol\u00edtica del gobierno provincial, pero es posible gracias al equipo del IDUV, porque realmente trabajan y est\u00e1n construyendo el IDUV que todos queremos, en beneficio de la sociedad&#8221;.<\/p>\n<p>Asimismo, la intendenta Anal\u00eda Far\u00edas subray\u00f3 la importancia de este paso para los vecinos y vecinas: &#8220;Tener el t\u00edtulo de propiedad de la vivienda es el sue\u00f1o de muchos de nosotros. Es el esfuerzo de cada familia en cada hogar. Gracias al Gobierno de la provincia y al IDUV, porque esto se logra trabajando a conciencia y en conjunto&#8221;.<\/p>\n<p>Por parte del IDUV, participaron su presidente Cristian Mansilla; el vocal por el Ejecutivo, Pablo \u00c1lvarez; la gerenta administrativa, Carina Vera; la gerenta T\u00e9cnica, Cynthia Banciella Dickie; la gerenta Contable, Pamela Luna; la gerenta de Auditor\u00eda Contable, Paola Ciancio; y los representantes de la Direcci\u00f3n de Escrituraciones, Alberto Oyarzo y Julia Villa.<\/p>\n<\/div>\n<p>&nbsp;<\/p>\n<p>(Fuente: Gobierno de Santa Cruz)<\/p>\n","protected":false},"excerpt":{"rendered":"<p>Lunes, 25 Agosto 2025 &#8211; En el marco del 192\u00b0 Aniversario del Nacimiento del Comandante Luis Piedra Buena, y el<\/p>\n","protected":false},"author":8,"featured_media":34473,"comment_status":"closed","ping_status":"closed","sticky":false,"template":"","format":"standard","meta":{"footnotes":""},"categories":[1094],"tags":[],"class_list":["post-34471","post","type-post","status-publish","format-standard","has-post-thumbnail","hentry","category-gobierno"],"_links":{"self":[{"href":"https:\/\/ecosdelsur.com\/index.php?rest_route=\/wp\/v2\/posts\/34471","targetHints":{"allow":["GET"]}}],"collection":[{"href":"https:\/\/ecosdelsur.com\/index.php?rest_route=\/wp\/v2\/posts"}],"about":[{"href":"https:\/\/ecosdelsur.com\/index.php?rest_route=\/wp\/v2\/types\/post"}],"author":[{"embeddable":true,"href":"https:\/\/ecosdelsur.com\/index.php?rest_route=\/wp\/v2\/users\/8"}],"replies":[{"embeddable":true,"href":"https:\/\/ecosdelsur.com\/index.php?rest_route=%2Fwp%2Fv2%2Fcomments&post=34471"}],"version-history":[{"count":0,"href":"https:\/\/ecosdelsur.com\/index.php?rest_route=\/wp\/v2\/posts\/34471\/revisions"}],"wp:featuredmedia":[{"embeddable":true,"href":"https:\/\/ecosdelsur.com\/index.php?rest_route=\/wp\/v2\/media\/34473"}],"wp:attachment":[{"href":"https:\/\/ecosdelsur.com\/index.php?rest_route=%2Fwp%2Fv2%2Fmedia&parent=34471"}],"wp:term":[{"taxonomy":"category","embeddable":true,"href":"https:\/\/ecosdelsur.com\/index.php?rest_route=%2Fwp%2Fv2%2Fcategories&post=34471"},{"taxonomy":"post_tag","embeddable":true,"href":"https:\/\/ecosdelsur.com\/index.php?rest_route=%2Fwp%2Fv2%2Ftags&post=34471"}],"curies":[{"name":"wp","href":"https:\/\/api.w.org\/{rel}","templated":true}]}}