{"id":34456,"date":"2025-08-25T14:29:59","date_gmt":"2025-08-25T14:29:59","guid":{"rendered":"https:\/\/ecosdelsur.com\/?p=34456"},"modified":"2025-08-25T14:31:03","modified_gmt":"2025-08-25T14:31:03","slug":"mentorias-profesionales-para-jovenes-en-el-barrio-nuevos-pobladores","status":"publish","type":"post","link":"https:\/\/ecosdelsur.com\/?p=34456","title":{"rendered":"Mentor\u00edas profesionales para j\u00f3venes en el barrio Nuevos Pobladores"},"content":{"rendered":"<header class=\"entry-header\"><span class=\"posted-on\" style=\"font-size: 16px;\"><span style=\"color: #ff0000;\">22 de agosto de 2025\u00a0 &#8211; <\/span><\/span><span style=\"font-size: 16px;\">La Supervisi\u00f3n de Formaci\u00f3n Profesional, dependiente de la Subsecretar\u00eda de Estrategia y Gesti\u00f3n Operativa de la Municipalidad, est\u00e1 desarrollando encuentros de mentor\u00edas a pedido del centro de estudiantes. En esta ocasi\u00f3n, las actividades se realizaron en el barrio Nuevos Pobladores.<\/span><\/header>\n<div class=\"entry-content si-entry\">\n<figure class=\"wp-block-image size-large\"><img decoding=\"async\" class=\"wp-image-14487 lazyload\" data-src=\"https:\/\/caletaolivia.gov.ar\/wp-content\/uploads\/2025\/08\/WhatsApp-Image-2025-08-22-at-5.04.25-PM-1024x576.jpeg\" data-sizes=\"(max-width: 1024px) 100vw, 1024px\" data-srcset=\"https:\/\/caletaolivia.gov.ar\/wp-content\/uploads\/2025\/08\/WhatsApp-Image-2025-08-22-at-5.04.25-PM-1024x576.jpeg 1024w, https:\/\/caletaolivia.gov.ar\/wp-content\/uploads\/2025\/08\/WhatsApp-Image-2025-08-22-at-5.04.25-PM-300x169.jpeg 300w, https:\/\/caletaolivia.gov.ar\/wp-content\/uploads\/2025\/08\/WhatsApp-Image-2025-08-22-at-5.04.25-PM-768x432.jpeg 768w, https:\/\/caletaolivia.gov.ar\/wp-content\/uploads\/2025\/08\/WhatsApp-Image-2025-08-22-at-5.04.25-PM.jpeg 1280w\" alt=\"\" width=\"1024\" height=\"576\" src=\"data:image\/svg+xml;base64,PHN2ZyB3aWR0aD0iMSIgaGVpZ2h0PSIxIiB4bWxucz0iaHR0cDovL3d3dy53My5vcmcvMjAwMC9zdmciPjwvc3ZnPg==\" style=\"--smush-placeholder-width: 1024px; --smush-placeholder-aspect-ratio: 1024\/576;\" \/><\/figure>\n<p>La supervisora Leticia V\u00e1zquez destac\u00f3 el inter\u00e9s que despert\u00f3 la propuesta: \u201cLes gust\u00f3 much\u00edsimo poder comunicarse con profesionales que ya hayan pasado por ser estudiantes y hoy est\u00e1n trabajando. Estuvieron muy interesados en el \u00e1rea de bioqu\u00edmica, veterinaria, higiene y seguridad y medicina\u201d, expres\u00f3.<\/p>\n<figure class=\"wp-block-image size-large\"><img decoding=\"async\" class=\"wp-image-14488 lazyload\" data-src=\"https:\/\/caletaolivia.gov.ar\/wp-content\/uploads\/2025\/08\/WhatsApp-Image-2025-08-22-at-5.04.30-PM-1-1024x576.jpeg\" data-sizes=\"(max-width: 1024px) 100vw, 1024px\" data-srcset=\"https:\/\/caletaolivia.gov.ar\/wp-content\/uploads\/2025\/08\/WhatsApp-Image-2025-08-22-at-5.04.30-PM-1-1024x576.jpeg 1024w, https:\/\/caletaolivia.gov.ar\/wp-content\/uploads\/2025\/08\/WhatsApp-Image-2025-08-22-at-5.04.30-PM-1-300x169.jpeg 300w, https:\/\/caletaolivia.gov.ar\/wp-content\/uploads\/2025\/08\/WhatsApp-Image-2025-08-22-at-5.04.30-PM-1-768x432.jpeg 768w, https:\/\/caletaolivia.gov.ar\/wp-content\/uploads\/2025\/08\/WhatsApp-Image-2025-08-22-at-5.04.30-PM-1.jpeg 1280w\" alt=\"\" width=\"1024\" height=\"576\" src=\"data:image\/svg+xml;base64,PHN2ZyB3aWR0aD0iMSIgaGVpZ2h0PSIxIiB4bWxucz0iaHR0cDovL3d3dy53My5vcmcvMjAwMC9zdmciPjwvc3ZnPg==\" style=\"--smush-placeholder-width: 1024px; --smush-placeholder-aspect-ratio: 1024\/576;\" \/><\/figure>\n<p>Las jornadas incluyeron charlas con especialistas de cada disciplina, quienes compartieron sus experiencias y remarcaron la importancia de una elecci\u00f3n consciente de la carrera. Esto permiti\u00f3 a los alumnos reconocer la necesidad de contar con informaci\u00f3n precisa para definir su futuro acad\u00e9mico. En la exposici\u00f3n sobre bioqu\u00edmica, por ejemplo, se subray\u00f3 la dedicaci\u00f3n que requiere la disciplina y las distintas orientaciones que ofrecen las universidades.<\/p>\n<figure class=\"wp-block-image size-large\"><img decoding=\"async\" class=\"wp-image-14489 lazyload\" data-src=\"https:\/\/caletaolivia.gov.ar\/wp-content\/uploads\/2025\/08\/WhatsApp-Image-2025-08-22-at-5.04.29-PM-1024x576.jpeg\" data-sizes=\"(max-width: 1024px) 100vw, 1024px\" data-srcset=\"https:\/\/caletaolivia.gov.ar\/wp-content\/uploads\/2025\/08\/WhatsApp-Image-2025-08-22-at-5.04.29-PM-1024x576.jpeg 1024w, https:\/\/caletaolivia.gov.ar\/wp-content\/uploads\/2025\/08\/WhatsApp-Image-2025-08-22-at-5.04.29-PM-300x169.jpeg 300w, https:\/\/caletaolivia.gov.ar\/wp-content\/uploads\/2025\/08\/WhatsApp-Image-2025-08-22-at-5.04.29-PM-768x432.jpeg 768w, https:\/\/caletaolivia.gov.ar\/wp-content\/uploads\/2025\/08\/WhatsApp-Image-2025-08-22-at-5.04.29-PM.jpeg 1280w\" alt=\"\" width=\"1024\" height=\"576\" src=\"data:image\/svg+xml;base64,PHN2ZyB3aWR0aD0iMSIgaGVpZ2h0PSIxIiB4bWxucz0iaHR0cDovL3d3dy53My5vcmcvMjAwMC9zdmciPjwvc3ZnPg==\" style=\"--smush-placeholder-width: 1024px; --smush-placeholder-aspect-ratio: 1024\/576;\" \/><\/figure>\n<p>De cara a lo que viene, V\u00e1zquez adelant\u00f3 la ampliaci\u00f3n del programa: \u201cContinuamos con esta iniciativa de mentor\u00edas, ya que nos pidieron arquitectura, abogac\u00eda y psicolog\u00eda. Vamos a ver si agregamos una m\u00e1s y pr\u00f3ximamente estaremos con las cuatro pr\u00f3ximas\u201d, concluy\u00f3.<\/p>\n<\/div>\n","protected":false},"excerpt":{"rendered":"<p>22 de agosto de 2025\u00a0 &#8211; La Supervisi\u00f3n de Formaci\u00f3n Profesional, dependiente de la Subsecretar\u00eda de Estrategia y Gesti\u00f3n Operativa<\/p>\n","protected":false},"author":8,"featured_media":34461,"comment_status":"closed","ping_status":"closed","sticky":false,"template":"","format":"standard","meta":{"footnotes":""},"categories":[1],"tags":[],"class_list":["post-34456","post","type-post","status-publish","format-standard","has-post-thumbnail","hentry","category-uncategorized"],"_links":{"self":[{"href":"https:\/\/ecosdelsur.com\/index.php?rest_route=\/wp\/v2\/posts\/34456","targetHints":{"allow":["GET"]}}],"collection":[{"href":"https:\/\/ecosdelsur.com\/index.php?rest_route=\/wp\/v2\/posts"}],"about":[{"href":"https:\/\/ecosdelsur.com\/index.php?rest_route=\/wp\/v2\/types\/post"}],"author":[{"embeddable":true,"href":"https:\/\/ecosdelsur.com\/index.php?rest_route=\/wp\/v2\/users\/8"}],"replies":[{"embeddable":true,"href":"https:\/\/ecosdelsur.com\/index.php?rest_route=%2Fwp%2Fv2%2Fcomments&post=34456"}],"version-history":[{"count":0,"href":"https:\/\/ecosdelsur.com\/index.php?rest_route=\/wp\/v2\/posts\/34456\/revisions"}],"wp:featuredmedia":[{"embeddable":true,"href":"https:\/\/ecosdelsur.com\/index.php?rest_route=\/wp\/v2\/media\/34461"}],"wp:attachment":[{"href":"https:\/\/ecosdelsur.com\/index.php?rest_route=%2Fwp%2Fv2%2Fmedia&parent=34456"}],"wp:term":[{"taxonomy":"category","embeddable":true,"href":"https:\/\/ecosdelsur.com\/index.php?rest_route=%2Fwp%2Fv2%2Fcategories&post=34456"},{"taxonomy":"post_tag","embeddable":true,"href":"https:\/\/ecosdelsur.com\/index.php?rest_route=%2Fwp%2Fv2%2Ftags&post=34456"}],"curies":[{"name":"wp","href":"https:\/\/api.w.org\/{rel}","templated":true}]}}