{"id":34454,"date":"2025-08-25T14:37:47","date_gmt":"2025-08-25T14:37:47","guid":{"rendered":"https:\/\/ecosdelsur.com\/?p=34454"},"modified":"2025-08-25T14:40:37","modified_gmt":"2025-08-25T14:40:37","slug":"vecinos-del-barrio-22-de-septiembre-celebraron-el-avance-de-la-obra-de-gas","status":"publish","type":"post","link":"https:\/\/ecosdelsur.com\/?p=34454","title":{"rendered":"Vecinos del barrio 22 de Septiembre celebraron el avance de la obra de gas"},"content":{"rendered":"<p><span class=\"itemDateCreated\" style=\"color: #ff0000;\">Lunes, 25 Agosto 2025 &#8211; <\/span>El domingo se vivi\u00f3 una jornada especial en el barrio 22 de Septiembre, de R\u00edo Gallegos, donde vecinos y autoridades se reunieron para compartir el inicio de una obra largamente esperada: la llegada del servicio de gas domiciliario.<\/p>\n<p><img decoding=\"async\" class=\"alignnone size-full wp-image-34460 lazyload\" data-src=\"https:\/\/ecosdelsur.com\/wp-content\/uploads\/2025\/08\/c2b342866b784933c8e7a5b5bdf372f6_XL.jpg\" alt=\"\" width=\"900\" height=\"675\" data-srcset=\"https:\/\/ecosdelsur.com\/wp-content\/uploads\/2025\/08\/c2b342866b784933c8e7a5b5bdf372f6_XL.jpg 900w, https:\/\/ecosdelsur.com\/wp-content\/uploads\/2025\/08\/c2b342866b784933c8e7a5b5bdf372f6_XL-300x225.jpg 300w, https:\/\/ecosdelsur.com\/wp-content\/uploads\/2025\/08\/c2b342866b784933c8e7a5b5bdf372f6_XL-768x576.jpg 768w\" data-sizes=\"(max-width: 900px) 100vw, 900px\" src=\"data:image\/svg+xml;base64,PHN2ZyB3aWR0aD0iMSIgaGVpZ2h0PSIxIiB4bWxucz0iaHR0cDovL3d3dy53My5vcmcvMjAwMC9zdmciPjwvc3ZnPg==\" style=\"--smush-placeholder-width: 900px; --smush-placeholder-aspect-ratio: 900\/675;\" \/><\/p>\n<div class=\"itemFullText\">\n<p>En la oportunidad, se hicieron presentes para acompa\u00f1ar y dialogar con los vecinos el presidente de Distrigas S.A., Marcelo De La Torre, y el concejal Ayrton Ruay.<\/p>\n<p>Durante el encuentro, los vecinos resaltaron la importancia de este avance para mejorar la calidad de vida en un sector que ha debido enfrentar inviernos muy duros. \u201cHace seis a\u00f1os que vivo ac\u00e1. El invierno es muy crudo, hemos sufrido mucho. Primero fue la luz, ahora el gas y despu\u00e9s vendr\u00e1 el agua, para vivir como merecemos. Hoy s\u00ed me siento acompa\u00f1ado\u201d, expres\u00f3 uno de los primeros pobladores del barrio.<\/p>\n<p><img decoding=\"async\" class=\"alignnone size-large wp-image-34459 lazyload\" data-src=\"https:\/\/ecosdelsur.com\/wp-content\/uploads\/2025\/08\/WhatsApp_Image_2025-08-25_at_08.28.52-1024x461.jpeg\" alt=\"\" width=\"800\" height=\"360\" data-srcset=\"https:\/\/ecosdelsur.com\/wp-content\/uploads\/2025\/08\/WhatsApp_Image_2025-08-25_at_08.28.52-scaled.jpeg 1024w, https:\/\/ecosdelsur.com\/wp-content\/uploads\/2025\/08\/WhatsApp_Image_2025-08-25_at_08.28.52-300x135.jpeg 300w, https:\/\/ecosdelsur.com\/wp-content\/uploads\/2025\/08\/WhatsApp_Image_2025-08-25_at_08.28.52-768x346.jpeg 768w, https:\/\/ecosdelsur.com\/wp-content\/uploads\/2025\/08\/WhatsApp_Image_2025-08-25_at_08.28.52-1536x691.jpeg 1536w\" data-sizes=\"(max-width: 800px) 100vw, 800px\" src=\"data:image\/svg+xml;base64,PHN2ZyB3aWR0aD0iMSIgaGVpZ2h0PSIxIiB4bWxucz0iaHR0cDovL3d3dy53My5vcmcvMjAwMC9zdmciPjwvc3ZnPg==\" style=\"--smush-placeholder-width: 800px; --smush-placeholder-aspect-ratio: 800\/360;\" \/><\/p>\n<p>Otro vecino record\u00f3 las dificultades de habitar la zona sin este servicio b\u00e1sico: \u201cConstruimos en 2016, pero un invierno tuve que volver a alquilar porque era imposible quedarse. Hoy ver los ca\u00f1os y saber que el gas est\u00e1 cerca es un d\u00eda muy especial\u201d.<\/p>\n<p>Tambi\u00e9n quienes est\u00e1n en proceso de terminar sus viviendas coincidieron en que la obra es clave para garantizar una vida digna. \u201cHoy la gente se calefacciona con le\u00f1a o electricidad. Ver que este proyecto avanza es una alegr\u00eda enorme. Esperamos que el pr\u00f3ximo invierno podamos contar con gas\u201d, se\u00f1al\u00f3 otro de los asistentes.<\/p>\n<p><strong>Detalles de la obra<\/strong><\/p>\n<p>La obra corresponde al Proyecto N.\u00ba 31\/31\/09-978, Barrio 22 de Septiembre \u2013 Etapa 3, que contempla:<\/p>\n<p>800 lotes alcanzados.<\/p>\n<p>14.274 metros totales de ca\u00f1er\u00eda.<\/p>\n<p>Inversi\u00f3n estimada: $1.069.475.298,58.<\/p>\n<p><img decoding=\"async\" class=\"alignnone size-large wp-image-34458 lazyload\" data-src=\"https:\/\/ecosdelsur.com\/wp-content\/uploads\/2025\/08\/WhatsApp_Image_2025-08-25_at_08.28.53-1024x461.jpeg\" alt=\"\" width=\"800\" height=\"360\" data-srcset=\"https:\/\/ecosdelsur.com\/wp-content\/uploads\/2025\/08\/WhatsApp_Image_2025-08-25_at_08.28.53-scaled.jpeg 1024w, https:\/\/ecosdelsur.com\/wp-content\/uploads\/2025\/08\/WhatsApp_Image_2025-08-25_at_08.28.53-300x135.jpeg 300w, https:\/\/ecosdelsur.com\/wp-content\/uploads\/2025\/08\/WhatsApp_Image_2025-08-25_at_08.28.53-768x346.jpeg 768w, https:\/\/ecosdelsur.com\/wp-content\/uploads\/2025\/08\/WhatsApp_Image_2025-08-25_at_08.28.53-1536x691.jpeg 1536w\" data-sizes=\"(max-width: 800px) 100vw, 800px\" src=\"data:image\/svg+xml;base64,PHN2ZyB3aWR0aD0iMSIgaGVpZ2h0PSIxIiB4bWxucz0iaHR0cDovL3d3dy53My5vcmcvMjAwMC9zdmciPjwvc3ZnPg==\" style=\"--smush-placeholder-width: 800px; --smush-placeholder-aspect-ratio: 800\/360;\" \/><\/p>\n<p>El viernes pasado se adjudic\u00f3 la licitaci\u00f3n para el anillado de todas las manzanas, paso fundamental para que el servicio llegue a cada familia.<\/p>\n<p><strong>Participaci\u00f3n vecinal<\/strong><\/p>\n<p>Alrededor de 40 vecinos participaron de la reuni\u00f3n, que reflej\u00f3 el inter\u00e9s general por la obra. Adem\u00e1s, se hab\u00edan recolectado previamente m\u00e1s de 100 firmas solicitando la concreci\u00f3n del proyecto.<\/p>\n<p><img decoding=\"async\" class=\"alignnone size-large wp-image-34457 lazyload\" data-src=\"https:\/\/ecosdelsur.com\/wp-content\/uploads\/2025\/08\/WhatsApp_Image_2025-08-25_at_08.28.53_1-1024x461.jpeg\" alt=\"\" width=\"800\" height=\"360\" data-srcset=\"https:\/\/ecosdelsur.com\/wp-content\/uploads\/2025\/08\/WhatsApp_Image_2025-08-25_at_08.28.53_1-scaled.jpeg 1024w, https:\/\/ecosdelsur.com\/wp-content\/uploads\/2025\/08\/WhatsApp_Image_2025-08-25_at_08.28.53_1-300x135.jpeg 300w, https:\/\/ecosdelsur.com\/wp-content\/uploads\/2025\/08\/WhatsApp_Image_2025-08-25_at_08.28.53_1-768x346.jpeg 768w, https:\/\/ecosdelsur.com\/wp-content\/uploads\/2025\/08\/WhatsApp_Image_2025-08-25_at_08.28.53_1-1536x691.jpeg 1536w\" data-sizes=\"(max-width: 800px) 100vw, 800px\" src=\"data:image\/svg+xml;base64,PHN2ZyB3aWR0aD0iMSIgaGVpZ2h0PSIxIiB4bWxucz0iaHR0cDovL3d3dy53My5vcmcvMjAwMC9zdmciPjwvc3ZnPg==\" style=\"--smush-placeholder-width: 800px; --smush-placeholder-aspect-ratio: 800\/360;\" \/><\/p>\n<p>El referente barrial De la Torre destac\u00f3: \u201cYa tenemos los ca\u00f1os en la puerta de las casas. Desde el 1 de mayo, cuando el gobernador anunci\u00f3 el plan de obras, estamos trabajando para llevar gas a todos los vecinos\u201d.<\/p>\n<p>Con la mirada puesta en el pr\u00f3ximo invierno, la comunidad del barrio 22 de Septiembre celebra la llegada de un servicio que representa no solo confort, sino tambi\u00e9n salud, seguridad y un mejor futuro para cientos de familias.<\/p>\n<p>(Fuente: Gobierno de Santa Cruz)<\/p>\n<\/div>\n","protected":false},"excerpt":{"rendered":"<p>Lunes, 25 Agosto 2025 &#8211; El domingo se vivi\u00f3 una jornada especial en el barrio 22 de Septiembre, de R\u00edo<\/p>\n","protected":false},"author":8,"featured_media":34460,"comment_status":"closed","ping_status":"closed","sticky":false,"template":"","format":"standard","meta":{"footnotes":""},"categories":[1155],"tags":[],"class_list":["post-34454","post","type-post","status-publish","format-standard","has-post-thumbnail","hentry","category-distrigas"],"_links":{"self":[{"href":"https:\/\/ecosdelsur.com\/index.php?rest_route=\/wp\/v2\/posts\/34454","targetHints":{"allow":["GET"]}}],"collection":[{"href":"https:\/\/ecosdelsur.com\/index.php?rest_route=\/wp\/v2\/posts"}],"about":[{"href":"https:\/\/ecosdelsur.com\/index.php?rest_route=\/wp\/v2\/types\/post"}],"author":[{"embeddable":true,"href":"https:\/\/ecosdelsur.com\/index.php?rest_route=\/wp\/v2\/users\/8"}],"replies":[{"embeddable":true,"href":"https:\/\/ecosdelsur.com\/index.php?rest_route=%2Fwp%2Fv2%2Fcomments&post=34454"}],"version-history":[{"count":0,"href":"https:\/\/ecosdelsur.com\/index.php?rest_route=\/wp\/v2\/posts\/34454\/revisions"}],"wp:featuredmedia":[{"embeddable":true,"href":"https:\/\/ecosdelsur.com\/index.php?rest_route=\/wp\/v2\/media\/34460"}],"wp:attachment":[{"href":"https:\/\/ecosdelsur.com\/index.php?rest_route=%2Fwp%2Fv2%2Fmedia&parent=34454"}],"wp:term":[{"taxonomy":"category","embeddable":true,"href":"https:\/\/ecosdelsur.com\/index.php?rest_route=%2Fwp%2Fv2%2Fcategories&post=34454"},{"taxonomy":"post_tag","embeddable":true,"href":"https:\/\/ecosdelsur.com\/index.php?rest_route=%2Fwp%2Fv2%2Ftags&post=34454"}],"curies":[{"name":"wp","href":"https:\/\/api.w.org\/{rel}","templated":true}]}}