{"id":34449,"date":"2025-08-25T14:24:25","date_gmt":"2025-08-25T14:24:25","guid":{"rendered":"https:\/\/ecosdelsur.com\/?p=34449"},"modified":"2025-08-25T14:24:25","modified_gmt":"2025-08-25T14:24:25","slug":"trabajos-de-bacheo-en-la-ruta-nacional-n3-un-reclamo-de-la-comunidad-atendido-por-vialidad-provincial","status":"publish","type":"post","link":"https:\/\/ecosdelsur.com\/?p=34449","title":{"rendered":"Trabajos de bacheo en la Ruta Nacional N\u00b03: un reclamo de la comunidad atendido por Vialidad Provincial"},"content":{"rendered":"<p><span class=\"itemDateCreated\" style=\"color: #ff0000;\">Domingo, 24 Agosto 2025 &#8211; <\/span>El Distrito Puerto Deseado inform\u00f3 que, durante tres jornadas consecutivas, se llevaron adelante tareas de bacheo en la Ruta Nacional N\u00b03, en el tramo comprendido entre Tres Cerros y El Salado.<\/p>\n<p><img decoding=\"async\" class=\"alignnone size-large wp-image-34450 lazyload\" data-src=\"https:\/\/ecosdelsur.com\/wp-content\/uploads\/2025\/08\/c8c8264020c71af55006a87760931da7_XL-768x1024.jpg\" alt=\"\" width=\"768\" height=\"1024\" data-srcset=\"https:\/\/ecosdelsur.com\/wp-content\/uploads\/2025\/08\/c8c8264020c71af55006a87760931da7_XL-scaled.jpg 768w, https:\/\/ecosdelsur.com\/wp-content\/uploads\/2025\/08\/c8c8264020c71af55006a87760931da7_XL-225x300.jpg 225w\" data-sizes=\"(max-width: 768px) 100vw, 768px\" src=\"data:image\/svg+xml;base64,PHN2ZyB3aWR0aD0iMSIgaGVpZ2h0PSIxIiB4bWxucz0iaHR0cDovL3d3dy53My5vcmcvMjAwMC9zdmciPjwvc3ZnPg==\" style=\"--smush-placeholder-width: 768px; --smush-placeholder-aspect-ratio: 768\/1024;\" \/><\/p>\n<div class=\"itemFullText\">\n<p>Los trabajos, que fueron solicitados por Vialidad Nacional a Vialidad Provincial, respondieron a un reclamo constante de los usuarios que transitan por este sector de la ruta. Las labores estuvieron a cargo del personal de la Delegaci\u00f3n Ca\u00f1ad\u00f3n Seco, quienes lograron reparar aproximadamente 120 baches, mejorando de manera significativa la transitabilidad en este importante corredor vial.<\/p>\n<p>Adem\u00e1s, se cont\u00f3 con la colaboraci\u00f3n del Destacamento de Polic\u00eda de Tres Cerros, que brind\u00f3 apoyo en la regulaci\u00f3n del tr\u00e1nsito para garantizar la seguridad de los trabajadores y de quienes circulaban por la zona durante la ejecuci\u00f3n de las tareas.<\/p>\n<p>Cabe destacar que, si bien desde mayo de este a\u00f1o se firmaron diversos convenios entre Vialidad Nacional y Vialidad Provincial para la realizaci\u00f3n de obras, ninguno de ellos ha sido saldado hasta el momento por parte de Vialidad Nacional. Pese a esta situaci\u00f3n, la provincia contin\u00faa respondiendo a las necesidades m\u00e1s urgentes, priorizando la seguridad vial y dando respuesta a la comunidad.<\/p>\n<\/div>\n<p>&nbsp;<\/p>\n<p>(Fuente: Gobierno de Santa cruz)<\/p>\n","protected":false},"excerpt":{"rendered":"<p>Domingo, 24 Agosto 2025 &#8211; El Distrito Puerto Deseado inform\u00f3 que, durante tres jornadas consecutivas, se llevaron adelante tareas de<\/p>\n","protected":false},"author":8,"featured_media":34450,"comment_status":"closed","ping_status":"closed","sticky":false,"template":"","format":"standard","meta":{"footnotes":""},"categories":[1173],"tags":[],"class_list":["post-34449","post","type-post","status-publish","format-standard","has-post-thumbnail","hentry","category-vialidad-provincial"],"_links":{"self":[{"href":"https:\/\/ecosdelsur.com\/index.php?rest_route=\/wp\/v2\/posts\/34449","targetHints":{"allow":["GET"]}}],"collection":[{"href":"https:\/\/ecosdelsur.com\/index.php?rest_route=\/wp\/v2\/posts"}],"about":[{"href":"https:\/\/ecosdelsur.com\/index.php?rest_route=\/wp\/v2\/types\/post"}],"author":[{"embeddable":true,"href":"https:\/\/ecosdelsur.com\/index.php?rest_route=\/wp\/v2\/users\/8"}],"replies":[{"embeddable":true,"href":"https:\/\/ecosdelsur.com\/index.php?rest_route=%2Fwp%2Fv2%2Fcomments&post=34449"}],"version-history":[{"count":0,"href":"https:\/\/ecosdelsur.com\/index.php?rest_route=\/wp\/v2\/posts\/34449\/revisions"}],"wp:featuredmedia":[{"embeddable":true,"href":"https:\/\/ecosdelsur.com\/index.php?rest_route=\/wp\/v2\/media\/34450"}],"wp:attachment":[{"href":"https:\/\/ecosdelsur.com\/index.php?rest_route=%2Fwp%2Fv2%2Fmedia&parent=34449"}],"wp:term":[{"taxonomy":"category","embeddable":true,"href":"https:\/\/ecosdelsur.com\/index.php?rest_route=%2Fwp%2Fv2%2Fcategories&post=34449"},{"taxonomy":"post_tag","embeddable":true,"href":"https:\/\/ecosdelsur.com\/index.php?rest_route=%2Fwp%2Fv2%2Ftags&post=34449"}],"curies":[{"name":"wp","href":"https:\/\/api.w.org\/{rel}","templated":true}]}}