{"id":34446,"date":"2025-08-25T14:21:27","date_gmt":"2025-08-25T14:21:27","guid":{"rendered":"https:\/\/ecosdelsur.com\/?p=34446"},"modified":"2025-08-25T14:21:27","modified_gmt":"2025-08-25T14:21:27","slug":"vidal-inauguro-junto-a-su-gabinete-y-la-intendente-una-nueva-delegacion-de-criminalistica-en-piedra-buena","status":"publish","type":"post","link":"https:\/\/ecosdelsur.com\/?p=34446","title":{"rendered":"Vidal inaugur\u00f3 junto a su Gabinete y la intendente una nueva Delegaci\u00f3n de Criminal\u00edstica en Piedra Buena"},"content":{"rendered":"<p><span class=\"itemDateCreated\" style=\"color: #ff0000;\">Domingo, 24 Agosto 2025 &#8211; <\/span>El gobernador Claudio Vidal encabez\u00f3 este domingo la inauguraci\u00f3n de la nueva Delegaci\u00f3n de Criminal\u00edstica y Accidentolog\u00eda Vial en Comandante Luis Piedra Buena, acompa\u00f1ado por integrantes de su Gabinete y la intendente de la localidad.<\/p>\n<div class=\"itemFullText\"><img decoding=\"async\" class=\"alignnone size-full wp-image-34447 lazyload\" data-src=\"https:\/\/ecosdelsur.com\/wp-content\/uploads\/2025\/08\/4f218b1fb3d920decd1649088e3dcef7_XL.jpg\" alt=\"\" width=\"900\" height=\"600\" data-srcset=\"https:\/\/ecosdelsur.com\/wp-content\/uploads\/2025\/08\/4f218b1fb3d920decd1649088e3dcef7_XL.jpg 900w, https:\/\/ecosdelsur.com\/wp-content\/uploads\/2025\/08\/4f218b1fb3d920decd1649088e3dcef7_XL-300x200.jpg 300w, https:\/\/ecosdelsur.com\/wp-content\/uploads\/2025\/08\/4f218b1fb3d920decd1649088e3dcef7_XL-768x512.jpg 768w\" data-sizes=\"(max-width: 900px) 100vw, 900px\" src=\"data:image\/svg+xml;base64,PHN2ZyB3aWR0aD0iMSIgaGVpZ2h0PSIxIiB4bWxucz0iaHR0cDovL3d3dy53My5vcmcvMjAwMC9zdmciPjwvc3ZnPg==\" style=\"--smush-placeholder-width: 900px; --smush-placeholder-aspect-ratio: 900\/600;\" \/><\/div>\n<div><\/div>\n<div><\/div>\n<div>\n<p>El espacio fortalecer\u00e1 las capacidades operativas de las fuerzas de seguridad en la Zona Centro de la provincia, permitiendo dar respuestas m\u00e1s r\u00e1pidas y profesionales en materia de investigaci\u00f3n criminal, pericias forenses y siniestros viales.<\/p>\n<p>Durante el acto, el mandatario destac\u00f3 la importancia de dotar de recursos a cada localidad:<\/p>\n<p>\u201cNuestro compromiso es garantizar que las instituciones funcionen, que el Estado est\u00e9 presente en cada rinc\u00f3n de Santa Cruz. Esta inauguraci\u00f3n es parte de un plan m\u00e1s amplio de fortalecimiento de la seguridad y la justicia en toda la provincia\u201d, afirm\u00f3.<\/p>\n<p>Durante el acto de inauguraci\u00f3n estuvieron presentes la senadora nacional, Natalia Gadano; el jefe de Gabinete de Ministros, Daniel \u00c1lvarez; el ministro de Gobierno, Nicolas Brizuela; la ministra Secretar\u00eda General de la Gobernaci\u00f3n, Cecilia Borselli; la ministra de Salud y Ambiente, Mar\u00eda Lorena Ross; la presidenta del Consejo Provincial de Educaci\u00f3n, Iris Rasgido; el presidente de Servicios P\u00fablicos Sociedad del Estado, Jorge Avenda\u00f1o; el presidente de la Administraci\u00f3n General de Vialidad Provincial, Julio Bujer y el presidente del Consejo Agrario Provincial, Adri\u00e1n Suarez.<\/p>\n<p>Por \u00faltimo, la intendente celebr\u00f3 la decisi\u00f3n pol\u00edtica y se\u00f1al\u00f3 que esta delegaci\u00f3n ser\u00e1 un avance significativo para la comunidad, mejorando la coordinaci\u00f3n entre fuerzas locales y provinciales, y brindando mayor tranquilidad a los vecinos.<\/p>\n<\/div>\n<p>&nbsp;<\/p>\n<p>(Fuente: Gobierno de Santa Cruz)<\/p>\n","protected":false},"excerpt":{"rendered":"<p>Domingo, 24 Agosto 2025 &#8211; El gobernador Claudio Vidal encabez\u00f3 este domingo la inauguraci\u00f3n de la nueva Delegaci\u00f3n de Criminal\u00edstica<\/p>\n","protected":false},"author":8,"featured_media":34447,"comment_status":"closed","ping_status":"closed","sticky":false,"template":"","format":"standard","meta":{"footnotes":""},"categories":[1094],"tags":[],"class_list":["post-34446","post","type-post","status-publish","format-standard","has-post-thumbnail","hentry","category-gobierno"],"_links":{"self":[{"href":"https:\/\/ecosdelsur.com\/index.php?rest_route=\/wp\/v2\/posts\/34446","targetHints":{"allow":["GET"]}}],"collection":[{"href":"https:\/\/ecosdelsur.com\/index.php?rest_route=\/wp\/v2\/posts"}],"about":[{"href":"https:\/\/ecosdelsur.com\/index.php?rest_route=\/wp\/v2\/types\/post"}],"author":[{"embeddable":true,"href":"https:\/\/ecosdelsur.com\/index.php?rest_route=\/wp\/v2\/users\/8"}],"replies":[{"embeddable":true,"href":"https:\/\/ecosdelsur.com\/index.php?rest_route=%2Fwp%2Fv2%2Fcomments&post=34446"}],"version-history":[{"count":0,"href":"https:\/\/ecosdelsur.com\/index.php?rest_route=\/wp\/v2\/posts\/34446\/revisions"}],"wp:featuredmedia":[{"embeddable":true,"href":"https:\/\/ecosdelsur.com\/index.php?rest_route=\/wp\/v2\/media\/34447"}],"wp:attachment":[{"href":"https:\/\/ecosdelsur.com\/index.php?rest_route=%2Fwp%2Fv2%2Fmedia&parent=34446"}],"wp:term":[{"taxonomy":"category","embeddable":true,"href":"https:\/\/ecosdelsur.com\/index.php?rest_route=%2Fwp%2Fv2%2Fcategories&post=34446"},{"taxonomy":"post_tag","embeddable":true,"href":"https:\/\/ecosdelsur.com\/index.php?rest_route=%2Fwp%2Fv2%2Ftags&post=34446"}],"curies":[{"name":"wp","href":"https:\/\/api.w.org\/{rel}","templated":true}]}}