{"id":34443,"date":"2025-08-25T13:44:08","date_gmt":"2025-08-25T13:44:08","guid":{"rendered":"https:\/\/ecosdelsur.com\/?p=34443"},"modified":"2025-08-25T13:44:08","modified_gmt":"2025-08-25T13:44:08","slug":"santa-cruz-participo-de-la-112-reunion-del-consejo-federal-del-medio-ambiente","status":"publish","type":"post","link":"https:\/\/ecosdelsur.com\/?p=34443","title":{"rendered":"Santa Cruz particip\u00f3 de la 112\u00b0 reuni\u00f3n del Consejo Federal del Medio Ambiente"},"content":{"rendered":"<p><span class=\"itemDateCreated\" style=\"color: #ff0000;\">Domingo, 24 Agosto 2025 &#8211; <\/span>La Secretar\u00eda de Estado de Ambiente, dependiente del Ministerio de Salud y Ambiente de Santa Cruz, estuvo presente en este encuentro federal junto a representantes de 22 provincias de Argentina.<\/p>\n<div class=\"itemFullText\"><img decoding=\"async\" class=\"alignnone size-large wp-image-34444 lazyload\" data-src=\"https:\/\/ecosdelsur.com\/wp-content\/uploads\/2025\/08\/cfc0408c6d5927545f6667ef39308d97_XL-583x1024.jpg\" alt=\"\" width=\"583\" height=\"1024\" data-srcset=\"https:\/\/ecosdelsur.com\/wp-content\/uploads\/2025\/08\/cfc0408c6d5927545f6667ef39308d97_XL-scaled.jpg 583w, https:\/\/ecosdelsur.com\/wp-content\/uploads\/2025\/08\/cfc0408c6d5927545f6667ef39308d97_XL-171x300.jpg 171w, https:\/\/ecosdelsur.com\/wp-content\/uploads\/2025\/08\/cfc0408c6d5927545f6667ef39308d97_XL-768x1348.jpg 768w, https:\/\/ecosdelsur.com\/wp-content\/uploads\/2025\/08\/cfc0408c6d5927545f6667ef39308d97_XL-875x1536.jpg 875w\" data-sizes=\"(max-width: 583px) 100vw, 583px\" src=\"data:image\/svg+xml;base64,PHN2ZyB3aWR0aD0iMSIgaGVpZ2h0PSIxIiB4bWxucz0iaHR0cDovL3d3dy53My5vcmcvMjAwMC9zdmciPjwvc3ZnPg==\" style=\"--smush-placeholder-width: 583px; --smush-placeholder-aspect-ratio: 583\/1024;\" \/><\/div>\n<div><\/div>\n<div>\n<p>Santa Cruz particip\u00f3, junto a representantes de 22 provincias de Argentina, de la 112\u00b0 reuni\u00f3n del Consejo Federal del Medio Ambiente (COFEMA) que se llev\u00f3 a cabo en Buenos Aires.<\/p>\n<p>\u201cFue una jornada de mucho trabajo, donde se debatieron temas ambientales, muy relevantes para nuestra provincia y que en la actualidad son abordados fuertemente desde la Secretar\u00eda de Estado de Ambiente\u201d, se\u00f1al\u00f3 la directora Provincial de Planificaci\u00f3n y Control del Ambiente, B\u00e1rbara Klimisch.<\/p>\n<p>Seg\u00fan lo explic\u00f3, durante el encuentro trabajaron en temas de relevancia como la Gesti\u00f3n Integral de Residuos, Reconversi\u00f3n Industrial, Bosques Nativos, Biodiversidad, Fondos de Inversiones Internacionales y Cambio Clim\u00e1tico.<\/p>\n<p>Entre las propuestas abordadas en el COFEMA, destac\u00f3 la iniciativa para la \u201cResiliencia Clim\u00e1tica de Comunidades Ganaderas y Pastizales Patag\u00f3nicos\u201d, presentada por la provincia de Chubut. \u201cEs una estrategia de manejo adaptativo para comunidades vulnerables de la Patagonia, con el objetivo de mejorar la producci\u00f3n agr\u00edcola-ganadera en tierras donde la desertificaci\u00f3n es cada vez mayor, considerando las proyecciones clim\u00e1ticas\u201d, explic\u00f3.<\/p>\n<p>Asimismo, puso en relieve la presentaci\u00f3n de proyectos sobre neum\u00e1ticos fuera de uso (NFUs). \u201cEs una tem\u00e1tica que se da en todas las provincias y es de inter\u00e9s para la nuestra, que busca implementar un proceso similar, sobre la base de la econom\u00eda circular\u201d, se\u00f1al\u00f3 Klimisch.<\/p>\n<p>Respecto a las conclusiones sobre la participaci\u00f3n de Santa Cruz en este importante encuentro nacional, la directora provincial de Planificaci\u00f3n y Control del Ambiente en la Secretar\u00eda de Estado de Ambiente de Santa Cruz resalt\u00f3 que \u201clos procesos de participaci\u00f3n, en todas las escalas, son fundamentales cuando hablamos de ambiente y desarrollo sostenible\u201d.<\/p>\n<p>\u201cUna mesa de trabajo a nivel federal, es un espacio enriquecedor, que permite generar alianzas y brinda apoyo t\u00e9cnico y financiamientos a todas las provincias, en el contexto econ\u00f3mico actual \u2013sostuvo- Santa Cruz posee una riqueza \u00fanica en territorio y recursos naturales. Por ello, es fundamental acompa\u00f1ar a los gobiernos locales para el crecimiento sostenido y sostenible\u201d, concluy\u00f3 Klimisch.<\/p>\n<p>Vale remarcar que, la provincia de Santa Cruz firm\u00f3 un Carta Acuerdo para el Fortalecimiento en prevenci\u00f3n de Incendios Forestales, a trav\u00e9s del programa de Pagos del Fondo Verde para el Clima (FVC), solicitado a trav\u00e9s de la Secretar\u00eda de Ambiente y Desarrollo Sostenible de la Naci\u00f3n, en colaboraci\u00f3n con la Organizaci\u00f3n de las Naciones Unidas para la Alimentaci\u00f3n y la Agricultura (FAO).<\/p>\n<\/div>\n<p>&nbsp;<\/p>\n<p>(Fuente: Gobierno de Santa cruz)<\/p>\n","protected":false},"excerpt":{"rendered":"<p>Domingo, 24 Agosto 2025 &#8211; La Secretar\u00eda de Estado de Ambiente, dependiente del Ministerio de Salud y Ambiente de Santa<\/p>\n","protected":false},"author":8,"featured_media":34444,"comment_status":"closed","ping_status":"closed","sticky":false,"template":"","format":"standard","meta":{"footnotes":""},"categories":[1142],"tags":[],"class_list":["post-34443","post","type-post","status-publish","format-standard","has-post-thumbnail","hentry","category-ambiente"],"_links":{"self":[{"href":"https:\/\/ecosdelsur.com\/index.php?rest_route=\/wp\/v2\/posts\/34443","targetHints":{"allow":["GET"]}}],"collection":[{"href":"https:\/\/ecosdelsur.com\/index.php?rest_route=\/wp\/v2\/posts"}],"about":[{"href":"https:\/\/ecosdelsur.com\/index.php?rest_route=\/wp\/v2\/types\/post"}],"author":[{"embeddable":true,"href":"https:\/\/ecosdelsur.com\/index.php?rest_route=\/wp\/v2\/users\/8"}],"replies":[{"embeddable":true,"href":"https:\/\/ecosdelsur.com\/index.php?rest_route=%2Fwp%2Fv2%2Fcomments&post=34443"}],"version-history":[{"count":0,"href":"https:\/\/ecosdelsur.com\/index.php?rest_route=\/wp\/v2\/posts\/34443\/revisions"}],"wp:featuredmedia":[{"embeddable":true,"href":"https:\/\/ecosdelsur.com\/index.php?rest_route=\/wp\/v2\/media\/34444"}],"wp:attachment":[{"href":"https:\/\/ecosdelsur.com\/index.php?rest_route=%2Fwp%2Fv2%2Fmedia&parent=34443"}],"wp:term":[{"taxonomy":"category","embeddable":true,"href":"https:\/\/ecosdelsur.com\/index.php?rest_route=%2Fwp%2Fv2%2Fcategories&post=34443"},{"taxonomy":"post_tag","embeddable":true,"href":"https:\/\/ecosdelsur.com\/index.php?rest_route=%2Fwp%2Fv2%2Ftags&post=34443"}],"curies":[{"name":"wp","href":"https:\/\/api.w.org\/{rel}","templated":true}]}}