{"id":34440,"date":"2025-08-25T13:41:37","date_gmt":"2025-08-25T13:41:37","guid":{"rendered":"https:\/\/ecosdelsur.com\/?p=34440"},"modified":"2025-08-25T13:41:37","modified_gmt":"2025-08-25T13:41:37","slug":"farias-las-palabras-convencen-los-hechos-hablan","status":"publish","type":"post","link":"https:\/\/ecosdelsur.com\/?p=34440","title":{"rendered":"Far\u00edas: &#8220;Las palabras convencen, los hechos hablan&#8221;"},"content":{"rendered":"<p><span class=\"itemDateCreated\" style=\"color: #ff0000;\">Domingo, 24 Agosto 2025 &#8211; <\/span>As\u00ed lo expres\u00f3 la intendenta de la localidad de Comandante Luis Piedra Buena, Anal\u00eda Far\u00edas, en el marco del acto conmemorativo por el 192\u00b0 Aniversario del Nacimiento del Comandante Luis Piedra Buena, y el 92\u00b0 Aniversario de la Imposici\u00f3n de su Nombre a la localidad. La funcionaria dirigi\u00f3, a los presentes, un discurso cargado de emotividad y pragmatismo, resaltando el valor de la acci\u00f3n sobre la ret\u00f3rica.<\/p>\n<div class=\"itemIntroText\">\n<p><img decoding=\"async\" class=\"alignnone size-full wp-image-34441 lazyload\" data-src=\"https:\/\/ecosdelsur.com\/wp-content\/uploads\/2025\/08\/3bdd6ed919b0cecf79955a1fa51a9232_XL.jpg\" alt=\"\" width=\"900\" height=\"600\" data-srcset=\"https:\/\/ecosdelsur.com\/wp-content\/uploads\/2025\/08\/3bdd6ed919b0cecf79955a1fa51a9232_XL.jpg 900w, https:\/\/ecosdelsur.com\/wp-content\/uploads\/2025\/08\/3bdd6ed919b0cecf79955a1fa51a9232_XL-300x200.jpg 300w, https:\/\/ecosdelsur.com\/wp-content\/uploads\/2025\/08\/3bdd6ed919b0cecf79955a1fa51a9232_XL-768x512.jpg 768w\" data-sizes=\"(max-width: 900px) 100vw, 900px\" src=\"data:image\/svg+xml;base64,PHN2ZyB3aWR0aD0iMSIgaGVpZ2h0PSIxIiB4bWxucz0iaHR0cDovL3d3dy53My5vcmcvMjAwMC9zdmciPjwvc3ZnPg==\" style=\"--smush-placeholder-width: 900px; --smush-placeholder-aspect-ratio: 900\/600;\" \/><\/p>\n<\/div>\n<div class=\"itemFullText\">\n<p>El acto, que cont\u00f3 con la presencia de destacadas autoridades provinciales, rindi\u00f3 homenaje a la figura de un hombre que forj\u00f3 un destino de soberan\u00eda y compromiso.<\/p>\n<p>Far\u00edas, agradeci\u00f3 el esfuerzo de su equipo y de los empleados municipales, quienes a diario trabajan para ver crecer la localidad. &#8220;Si no fuera por ellos, este trabajo realmente hubiera sido m\u00e1s complicado de lo que nos toc\u00f3 llevar este d\u00eda a d\u00eda&#8221;, afirm\u00f3, reconociendo el compromiso colectivo. Su mensaje se centr\u00f3 en la gesti\u00f3n actual, y en la necesidad de enfrentar los desaf\u00edos con hechos concretos. &#8220;Las palabras convencen, los hechos hablan&#8221;, sostuvo.<\/p>\n<p>Un punto crucial de su alocuci\u00f3n fue el anuncio de la inminente inauguraci\u00f3n de la Delegaci\u00f3n de Criminal\u00edstica y Accidentolog\u00eda, un proyecto que impuls\u00f3 desde su tiempo como concejal. &#8220;Sabemos la importancia de contar con esta prestaci\u00f3n, y as\u00ed agrandar tambi\u00e9n la familia de la Polic\u00eda de la Provincia de Santa Cruz&#8221;, explic\u00f3, destacando el beneficio que esta iniciativa tendr\u00e1 para toda la zona centro de la provincia.<\/p>\n<p>La intendenta no evadi\u00f3 la problem\u00e1tica de la falta de trabajo y la dif\u00edcil situaci\u00f3n econ\u00f3mica. Al referirse a la frustrada licitaci\u00f3n de una obra en el Polideportivo, expres\u00f3 su dolor y empat\u00eda con los desocupados. En contraparte, la intendenta tambi\u00e9n anunci\u00f3 la entrega de unos 60 terrenos a emprendedores y familias locales, situaci\u00f3n que reafirma su visi\u00f3n de una administraci\u00f3n &#8220;justa y con oportunidades para todos&#8221;.<\/p>\n<p>En un reconocimiento por la labor que despliegan, la intendenta Far\u00edas agradeci\u00f3 a los empleados municipales, destacando su compromiso en la tarea de sacar a la ciudad adelante. No dej\u00f3 de lado el respaldo del Gobierno Provincial, reconociendo el compromiso y el aporte del gobernador Claudio Vidal para llevar adelante obras como la red de gas, que beneficiar\u00e1 a tantas familias. Su mensaje final fue un llamado a la comunidad para que disfrute de un d\u00eda especial, celebrando el legado de quienes forjaron el destino de Comandante Luis Piedra Buena.<\/p>\n<\/div>\n<p>&nbsp;<\/p>\n<p>(Fuente: Gobierno de Santa cruz)<\/p>\n","protected":false},"excerpt":{"rendered":"<p>Domingo, 24 Agosto 2025 &#8211; As\u00ed lo expres\u00f3 la intendenta de la localidad de Comandante Luis Piedra Buena, Anal\u00eda Far\u00edas,<\/p>\n","protected":false},"author":8,"featured_media":34441,"comment_status":"closed","ping_status":"closed","sticky":false,"template":"","format":"standard","meta":{"footnotes":""},"categories":[1094],"tags":[],"class_list":["post-34440","post","type-post","status-publish","format-standard","has-post-thumbnail","hentry","category-gobierno"],"_links":{"self":[{"href":"https:\/\/ecosdelsur.com\/index.php?rest_route=\/wp\/v2\/posts\/34440","targetHints":{"allow":["GET"]}}],"collection":[{"href":"https:\/\/ecosdelsur.com\/index.php?rest_route=\/wp\/v2\/posts"}],"about":[{"href":"https:\/\/ecosdelsur.com\/index.php?rest_route=\/wp\/v2\/types\/post"}],"author":[{"embeddable":true,"href":"https:\/\/ecosdelsur.com\/index.php?rest_route=\/wp\/v2\/users\/8"}],"replies":[{"embeddable":true,"href":"https:\/\/ecosdelsur.com\/index.php?rest_route=%2Fwp%2Fv2%2Fcomments&post=34440"}],"version-history":[{"count":0,"href":"https:\/\/ecosdelsur.com\/index.php?rest_route=\/wp\/v2\/posts\/34440\/revisions"}],"wp:featuredmedia":[{"embeddable":true,"href":"https:\/\/ecosdelsur.com\/index.php?rest_route=\/wp\/v2\/media\/34441"}],"wp:attachment":[{"href":"https:\/\/ecosdelsur.com\/index.php?rest_route=%2Fwp%2Fv2%2Fmedia&parent=34440"}],"wp:term":[{"taxonomy":"category","embeddable":true,"href":"https:\/\/ecosdelsur.com\/index.php?rest_route=%2Fwp%2Fv2%2Fcategories&post=34440"},{"taxonomy":"post_tag","embeddable":true,"href":"https:\/\/ecosdelsur.com\/index.php?rest_route=%2Fwp%2Fv2%2Ftags&post=34440"}],"curies":[{"name":"wp","href":"https:\/\/api.w.org\/{rel}","templated":true}]}}