{"id":34437,"date":"2025-08-25T13:37:44","date_gmt":"2025-08-25T13:37:44","guid":{"rendered":"https:\/\/ecosdelsur.com\/?p=34437"},"modified":"2025-08-25T13:37:44","modified_gmt":"2025-08-25T13:37:44","slug":"leguizamon-insta-a-un-cambio-cultural-para-reconstruir-santa-cruz","status":"publish","type":"post","link":"https:\/\/ecosdelsur.com\/?p=34437","title":{"rendered":"Leguizam\u00f3n insta a un cambio cultural para reconstruir Santa Cruz"},"content":{"rendered":"<p><span class=\"itemDateCreated\" style=\"color: #ff0000;\">Domingo, 24 Agosto 2025 &#8211; <\/span>El acto conmemorativo, por el 192\u00b0 Aniversario del Nacimiento del Comandante Luis Piedra Buena y el 92\u00b0 Aniversario de la Imposici\u00f3n del Nombre a la localidad, fue el escenario donde el vicegobernador de la provincia, Fabi\u00e1n Leguizam\u00f3n, hizo un llamado a la unidad y a la transparencia. En un discurso que se desmarc\u00f3 de la gesti\u00f3n anterior, inst\u00f3 a un &#8220;cambio cultural urgente y profundo&#8221;, para devolverle a los santacruce\u00f1os la confianza en sus instituciones.<\/p>\n<div class=\"itemFullText\"><img decoding=\"async\" class=\"alignnone size-full wp-image-34438 lazyload\" data-src=\"https:\/\/ecosdelsur.com\/wp-content\/uploads\/2025\/08\/a2026c4a54f1c93c3328d3244e65a2e2_XL.jpg\" alt=\"\" width=\"900\" height=\"600\" data-srcset=\"https:\/\/ecosdelsur.com\/wp-content\/uploads\/2025\/08\/a2026c4a54f1c93c3328d3244e65a2e2_XL.jpg 900w, https:\/\/ecosdelsur.com\/wp-content\/uploads\/2025\/08\/a2026c4a54f1c93c3328d3244e65a2e2_XL-300x200.jpg 300w, https:\/\/ecosdelsur.com\/wp-content\/uploads\/2025\/08\/a2026c4a54f1c93c3328d3244e65a2e2_XL-768x512.jpg 768w\" data-sizes=\"(max-width: 900px) 100vw, 900px\" src=\"data:image\/svg+xml;base64,PHN2ZyB3aWR0aD0iMSIgaGVpZ2h0PSIxIiB4bWxucz0iaHR0cDovL3d3dy53My5vcmcvMjAwMC9zdmciPjwvc3ZnPg==\" style=\"--smush-placeholder-width: 900px; --smush-placeholder-aspect-ratio: 900\/600;\" \/><\/div>\n<div><\/div>\n<div>\n<p>Leguizam\u00f3n sostuvo que el presente de la provincia es el resultado de un modelo de gobierno en el que \u00e9sta &#8220;qued\u00f3 seriamente da\u00f1ada, por graves problemas estructurales, deudas pendientes y un estancamiento&#8221;. Sin rodeos, apunt\u00f3 directamente a la corrupci\u00f3n, a la que calific\u00f3 como una &#8220;pr\u00e1ctica com\u00fan, impulsada por una expresidenta, que hoy est\u00e1 condenada&#8221;. El vicegobernador fue enf\u00e1tico al decir que hoy es el momento de terminar con &#8220;las mezquindades pol\u00edticas&#8221;, y de trabajar desde el territorio, &#8220;conversando cara a cara con la gente, escuchando, resolviendo, construyendo en conjunto y llevando respuesta a cada rinc\u00f3n de nuestra provincia&#8221;.<\/p>\n<p>El funcionario enfatiz\u00f3 que su gesti\u00f3n tiene una &#8220;mirada federal y pluralista&#8221;, y busca que cada peso invertido se destine a &#8220;salud, educaci\u00f3n y a generar oportunidades para nuestros hijos; y no en bolsos, cajas fuertes o en privilegios para unos pocos&#8221;. Su intervenci\u00f3n dej\u00f3 claro que el gobierno actual est\u00e1 decidido a &#8220;reconstruir una provincia y devolverle a los santacruce\u00f1os el futuro que nos merecemos&#8221;.<\/p>\n<p>Dirigi\u00e9ndose a los vecinos de la localidad, Leguizam\u00f3n record\u00f3 que &#8220;durante muchos a\u00f1os se ha logrado fruto del trabajo, del compromiso de mucha gente honesta&#8221;, pero que esa realidad ha cambiado. &#8220;Hoy esa realidad es diferente a esa \u00e9poca&#8221;, se\u00f1al\u00f3, y atribuy\u00f3 la situaci\u00f3n a la &#8220;irresponsabilidad al momento de gobernar&#8221;.<\/p>\n<p>El vicegobernador continu\u00f3 con un mensaje de esperanza y acci\u00f3n: &#8220;No tengan ninguna duda que desde este gobierno nosotros sabemos qui\u00e9nes fueron los responsables, y estamos actuando en la justicia ante esto&#8221;. Su alocuci\u00f3n culmin\u00f3 con un llamado a seguir &#8220;trabajando juntos&#8221; para un futuro mejor.<\/p>\n<\/div>\n<p>&nbsp;<\/p>\n<p>(Fuente: Gobierno de Santa cruz)<\/p>\n","protected":false},"excerpt":{"rendered":"<p>Domingo, 24 Agosto 2025 &#8211; El acto conmemorativo, por el 192\u00b0 Aniversario del Nacimiento del Comandante Luis Piedra Buena y<\/p>\n","protected":false},"author":8,"featured_media":34438,"comment_status":"closed","ping_status":"closed","sticky":false,"template":"","format":"standard","meta":{"footnotes":""},"categories":[1094],"tags":[],"class_list":["post-34437","post","type-post","status-publish","format-standard","has-post-thumbnail","hentry","category-gobierno"],"_links":{"self":[{"href":"https:\/\/ecosdelsur.com\/index.php?rest_route=\/wp\/v2\/posts\/34437","targetHints":{"allow":["GET"]}}],"collection":[{"href":"https:\/\/ecosdelsur.com\/index.php?rest_route=\/wp\/v2\/posts"}],"about":[{"href":"https:\/\/ecosdelsur.com\/index.php?rest_route=\/wp\/v2\/types\/post"}],"author":[{"embeddable":true,"href":"https:\/\/ecosdelsur.com\/index.php?rest_route=\/wp\/v2\/users\/8"}],"replies":[{"embeddable":true,"href":"https:\/\/ecosdelsur.com\/index.php?rest_route=%2Fwp%2Fv2%2Fcomments&post=34437"}],"version-history":[{"count":0,"href":"https:\/\/ecosdelsur.com\/index.php?rest_route=\/wp\/v2\/posts\/34437\/revisions"}],"wp:featuredmedia":[{"embeddable":true,"href":"https:\/\/ecosdelsur.com\/index.php?rest_route=\/wp\/v2\/media\/34438"}],"wp:attachment":[{"href":"https:\/\/ecosdelsur.com\/index.php?rest_route=%2Fwp%2Fv2%2Fmedia&parent=34437"}],"wp:term":[{"taxonomy":"category","embeddable":true,"href":"https:\/\/ecosdelsur.com\/index.php?rest_route=%2Fwp%2Fv2%2Fcategories&post=34437"},{"taxonomy":"post_tag","embeddable":true,"href":"https:\/\/ecosdelsur.com\/index.php?rest_route=%2Fwp%2Fv2%2Ftags&post=34437"}],"curies":[{"name":"wp","href":"https:\/\/api.w.org\/{rel}","templated":true}]}}