{"id":34411,"date":"2025-08-25T14:24:34","date_gmt":"2025-08-25T14:24:34","guid":{"rendered":"https:\/\/ecosdelsur.com\/?p=34411"},"modified":"2025-08-25T14:26:17","modified_gmt":"2025-08-25T14:26:17","slug":"caleta-olivia-celebro-la-4-edicion-de-la-fiesta-de-la-pachamama-y-exodo-jujeno","status":"publish","type":"post","link":"https:\/\/ecosdelsur.com\/?p=34411","title":{"rendered":"Caleta Olivia celebr\u00f3 la 4\u00b0 Edici\u00f3n de la Fiesta de la Pachamama y \u00c9xodo Juje\u00f1o"},"content":{"rendered":"<div class=\"itemToolbar2\">\n<p><span class=\"itemDateCreated\"><span style=\"color: #ff0000;\">Domingo, 24 Agosto 2025<\/span> &#8211; <\/span>El encuentro que invita a compartir historia y tradiciones junto a la comunidad juje\u00f1a radicada en la ciudad, se concret\u00f3 este s\u00e1bado 23 de agosto en el gimnasio \u201cEnrique Mosconi\u201d, organizado por el Centro de Residentes Juje\u00f1os con acompa\u00f1amiento de la Municipalidad de Caleta Olivia.<\/p>\n<\/div>\n<figure class=\"wp-block-image size-large\"><img decoding=\"async\" class=\"wp-image-14506 lazyload\" data-src=\"https:\/\/caletaolivia.gov.ar\/wp-content\/uploads\/2025\/08\/WhatsApp-Image-2025-08-23-at-7.37.00-PM-1024x768.jpeg\" data-sizes=\"(max-width: 1024px) 100vw, 1024px\" data-srcset=\"https:\/\/caletaolivia.gov.ar\/wp-content\/uploads\/2025\/08\/WhatsApp-Image-2025-08-23-at-7.37.00-PM-1024x768.jpeg 1024w, https:\/\/caletaolivia.gov.ar\/wp-content\/uploads\/2025\/08\/WhatsApp-Image-2025-08-23-at-7.37.00-PM-300x225.jpeg 300w, https:\/\/caletaolivia.gov.ar\/wp-content\/uploads\/2025\/08\/WhatsApp-Image-2025-08-23-at-7.37.00-PM-768x576.jpeg 768w, https:\/\/caletaolivia.gov.ar\/wp-content\/uploads\/2025\/08\/WhatsApp-Image-2025-08-23-at-7.37.00-PM-1536x1152.jpeg 1536w, https:\/\/caletaolivia.gov.ar\/wp-content\/uploads\/2025\/08\/WhatsApp-Image-2025-08-23-at-7.37.00-PM-2048x1536.jpeg 2048w\" alt=\"\" width=\"1024\" height=\"768\" src=\"data:image\/svg+xml;base64,PHN2ZyB3aWR0aD0iMSIgaGVpZ2h0PSIxIiB4bWxucz0iaHR0cDovL3d3dy53My5vcmcvMjAwMC9zdmciPjwvc3ZnPg==\" style=\"--smush-placeholder-width: 1024px; --smush-placeholder-aspect-ratio: 1024\/768;\" \/><\/figure>\n<p>A lo largo de la jornada se rendi\u00f3 homenaje a la Pachamama y conmemor\u00f3 un nuevo aniversario del \u00c9xodo Juje\u00f1o, hecho hist\u00f3rico que marc\u00f3 la lucha por la independencia.<\/p>\n<p>El evento fue acompa\u00f1ado por autoridades del gabinete municipal, la diputada provincial Patricia Urrutia y la concejal Iris Casas, quienes destacaron la importancia de promover estos espacios enriqueciendo la agenda cultural de la ciudad.<\/p>\n<p>\u201cValorizar este tipo de actividades que son de diversidad cultural es muy importante, desde el Ejecutivo acompa\u00f1amos las distintas actividades y propuestas que cada Centro de Residentes lleva adelante\u201d, subray\u00f3 el secretario de Gobierno Luis Melo, haciendo hincapi\u00e9 en todo lo que el encuentro genera para la localidad desde lo cultural, tur\u00edstico y econ\u00f3mico.<\/p>\n<figure class=\"wp-block-image size-large\"><img decoding=\"async\" class=\"wp-image-14507 lazyload\" data-src=\"https:\/\/caletaolivia.gov.ar\/wp-content\/uploads\/2025\/08\/WhatsApp-Image-2025-08-23-at-7.37.01-PM-1-1024x768.jpeg\" data-sizes=\"(max-width: 1024px) 100vw, 1024px\" data-srcset=\"https:\/\/caletaolivia.gov.ar\/wp-content\/uploads\/2025\/08\/WhatsApp-Image-2025-08-23-at-7.37.01-PM-1-1024x768.jpeg 1024w, https:\/\/caletaolivia.gov.ar\/wp-content\/uploads\/2025\/08\/WhatsApp-Image-2025-08-23-at-7.37.01-PM-1-300x225.jpeg 300w, https:\/\/caletaolivia.gov.ar\/wp-content\/uploads\/2025\/08\/WhatsApp-Image-2025-08-23-at-7.37.01-PM-1-768x576.jpeg 768w, https:\/\/caletaolivia.gov.ar\/wp-content\/uploads\/2025\/08\/WhatsApp-Image-2025-08-23-at-7.37.01-PM-1-1536x1152.jpeg 1536w, https:\/\/caletaolivia.gov.ar\/wp-content\/uploads\/2025\/08\/WhatsApp-Image-2025-08-23-at-7.37.01-PM-1-2048x1536.jpeg 2048w\" alt=\"\" width=\"1024\" height=\"768\" src=\"data:image\/svg+xml;base64,PHN2ZyB3aWR0aD0iMSIgaGVpZ2h0PSIxIiB4bWxucz0iaHR0cDovL3d3dy53My5vcmcvMjAwMC9zdmciPjwvc3ZnPg==\" style=\"--smush-placeholder-width: 1024px; --smush-placeholder-aspect-ratio: 1024\/768;\" \/><\/figure>\n<p>Por su parte, Maria de la Paz Salinas, presidenta del Centro de Residentes Juje\u00f1os, agradeci\u00f3 la participaci\u00f3n y acompa\u00f1amiento en esta iniciativa que ofreci\u00f3 una amplia grilla de espect\u00e1culos musicales, danzas tradicionales, exposici\u00f3n de artesanos y manualeros, adem\u00e1s de gastronom\u00eda t\u00edpica.<\/p>\n<p>\u201cPara nosotros es una gran felicidad poder concretar este encuentro porque tiene que ver con lo que es nuestro proceso hist\u00f3rico, no solamente de Jujuy, sino de toda la Argentina\u201d, se\u00f1al\u00f3 poniendo en valor el sentido hist\u00f3rico de la celebraci\u00f3n.<\/p>\n<p>Asimismo, marc\u00f3 que la fiesta de la Pachamama es una tradici\u00f3n muy arraigada en la provincia de Jujuy, donde durante todo el mes se le da de comer a la tierra, algo que tambi\u00e9n comparten otras provincias del norte y pa\u00edses de Am\u00e9rica del Sur.<\/p>\n<p>De esta manera, el evento se consolida como un espacio de encuentro, memoria y cultura, reafirmando el compromiso de la comunidad juje\u00f1a con la preservaci\u00f3n de sus tradiciones y el aporte de su identidad al entramado cultural de Caleta Olivia.<\/p>\n","protected":false},"excerpt":{"rendered":"<p>Domingo, 24 Agosto 2025 &#8211; El encuentro que invita a compartir historia y tradiciones junto a la comunidad juje\u00f1a radicada<\/p>\n","protected":false},"author":8,"featured_media":34451,"comment_status":"closed","ping_status":"closed","sticky":false,"template":"","format":"standard","meta":{"footnotes":""},"categories":[1],"tags":[],"class_list":["post-34411","post","type-post","status-publish","format-standard","has-post-thumbnail","hentry","category-uncategorized"],"_links":{"self":[{"href":"https:\/\/ecosdelsur.com\/index.php?rest_route=\/wp\/v2\/posts\/34411","targetHints":{"allow":["GET"]}}],"collection":[{"href":"https:\/\/ecosdelsur.com\/index.php?rest_route=\/wp\/v2\/posts"}],"about":[{"href":"https:\/\/ecosdelsur.com\/index.php?rest_route=\/wp\/v2\/types\/post"}],"author":[{"embeddable":true,"href":"https:\/\/ecosdelsur.com\/index.php?rest_route=\/wp\/v2\/users\/8"}],"replies":[{"embeddable":true,"href":"https:\/\/ecosdelsur.com\/index.php?rest_route=%2Fwp%2Fv2%2Fcomments&post=34411"}],"version-history":[{"count":0,"href":"https:\/\/ecosdelsur.com\/index.php?rest_route=\/wp\/v2\/posts\/34411\/revisions"}],"wp:featuredmedia":[{"embeddable":true,"href":"https:\/\/ecosdelsur.com\/index.php?rest_route=\/wp\/v2\/media\/34451"}],"wp:attachment":[{"href":"https:\/\/ecosdelsur.com\/index.php?rest_route=%2Fwp%2Fv2%2Fmedia&parent=34411"}],"wp:term":[{"taxonomy":"category","embeddable":true,"href":"https:\/\/ecosdelsur.com\/index.php?rest_route=%2Fwp%2Fv2%2Fcategories&post=34411"},{"taxonomy":"post_tag","embeddable":true,"href":"https:\/\/ecosdelsur.com\/index.php?rest_route=%2Fwp%2Fv2%2Ftags&post=34411"}],"curies":[{"name":"wp","href":"https:\/\/api.w.org\/{rel}","templated":true}]}}