{"id":34187,"date":"2025-08-19T13:49:13","date_gmt":"2025-08-19T13:49:13","guid":{"rendered":"https:\/\/ecosdelsur.com\/?p=34187"},"modified":"2025-08-19T13:49:13","modified_gmt":"2025-08-19T13:49:13","slug":"politicas-de-ninez-adolescencia-y-familia-realizaron-recorrida-de-trabajo-en-la-cuenca-carbonifera","status":"publish","type":"post","link":"https:\/\/ecosdelsur.com\/?p=34187","title":{"rendered":"Pol\u00edticas de Ni\u00f1ez, Adolescencia y Familia: Realizaron recorrida de trabajo en la Cuenca Carbon\u00edfera"},"content":{"rendered":"<p><span class=\"itemDateCreated\" style=\"color: #ff0000;\">Martes, 19 Agosto 2025 &#8211; <\/span>La Secretar\u00eda de Estado de Ni\u00f1ez, Adolescencia y Familia, dependiente del Ministerio de Desarrollo Social, Igualdad e Integraci\u00f3n, realiz\u00f3 un recorrido de trabajo en la Cuenca Carbon\u00edfera que fue encabezado por el secretario de Estado, Luis Quiroga; acompa\u00f1ado por la subsecretaria de Pol\u00edticas para Adultos Mayores, Carla Beroiz; y la directora de Dispositivos, Mar\u00eda Alejandrina P\u00e9rez.<\/p>\n<div class=\"itemFullText\"><img decoding=\"async\" class=\"alignnone size-full wp-image-34188 lazyload\" data-src=\"https:\/\/ecosdelsur.com\/wp-content\/uploads\/2025\/08\/164e5b1c339c27cf16113037eef07e79_XL.jpg\" alt=\"\" width=\"900\" height=\"507\" data-srcset=\"https:\/\/ecosdelsur.com\/wp-content\/uploads\/2025\/08\/164e5b1c339c27cf16113037eef07e79_XL.jpg 900w, https:\/\/ecosdelsur.com\/wp-content\/uploads\/2025\/08\/164e5b1c339c27cf16113037eef07e79_XL-300x169.jpg 300w, https:\/\/ecosdelsur.com\/wp-content\/uploads\/2025\/08\/164e5b1c339c27cf16113037eef07e79_XL-768x433.jpg 768w\" data-sizes=\"(max-width: 900px) 100vw, 900px\" src=\"data:image\/svg+xml;base64,PHN2ZyB3aWR0aD0iMSIgaGVpZ2h0PSIxIiB4bWxucz0iaHR0cDovL3d3dy53My5vcmcvMjAwMC9zdmciPjwvc3ZnPg==\" style=\"--smush-placeholder-width: 900px; --smush-placeholder-aspect-ratio: 900\/507;\" \/><\/div>\n<div><\/div>\n<div>\n<p>En R\u00edo Turbio, los funcionarios trabajaron junto a las \u00e1reas locales de adultos mayores y participaron de intervenciones sociales, junto a la directora provincial de Gesti\u00f3n e Integraci\u00f3n Territorial, Tamara Vargas. Adem\u00e1s, el secretario Quiroga mantuvo reuniones con los equipos de Ni\u00f1ez de la localidad, visit\u00f3 dispositivos y estableci\u00f3 una agenda de trabajo conjunta, sum\u00e1ndose en esta instancia el director de Econom\u00eda Social, Oscar Flores.<\/p>\n<p>Posteriormente, en la localidad de 28 de Noviembre, se desarroll\u00f3 una jornada de trabajo en articulaci\u00f3n con funcionarios municipales. Participaron la secretaria de Desarrollo Social, Stella Maris Mu\u00f1oz; Yohana Bahamonde, del Departamento de Integraci\u00f3n Comunitaria; Beatriz Choque, jefa de Departamento de Ni\u00f1os, Ni\u00f1as y Adolescentes; el doctor An\u00edbal Corti; la psic\u00f3loga Leila Ponce; la psic\u00f3loga social Yesica Jacobi y la trabajadora social Yanina Bilbao Gait\u00e1n.<\/p>\n<p>De esta manera, el Gobierno Provincial contin\u00faa fortaleciendo las pol\u00edticas p\u00fablicas destinadas a las infancias, adolescencias y adultos mayores, mediante el trabajo territorial articulado con municipios y organismos locales.<\/p>\n<\/div>\n<p>&nbsp;<\/p>\n<p>(Fuente: Gobierno de Santa Cruz)<\/p>\n<p>&nbsp;<\/p>\n","protected":false},"excerpt":{"rendered":"<p>Martes, 19 Agosto 2025 &#8211; La Secretar\u00eda de Estado de Ni\u00f1ez, Adolescencia y Familia, dependiente del Ministerio de Desarrollo Social,<\/p>\n","protected":false},"author":8,"featured_media":34188,"comment_status":"closed","ping_status":"closed","sticky":false,"template":"","format":"standard","meta":{"footnotes":""},"categories":[1157,1156],"tags":[],"class_list":["post-34187","post","type-post","status-publish","format-standard","has-post-thumbnail","hentry","category-igualdad-e-integracion","category-ministerio-de-desarrollo-social"],"_links":{"self":[{"href":"https:\/\/ecosdelsur.com\/index.php?rest_route=\/wp\/v2\/posts\/34187","targetHints":{"allow":["GET"]}}],"collection":[{"href":"https:\/\/ecosdelsur.com\/index.php?rest_route=\/wp\/v2\/posts"}],"about":[{"href":"https:\/\/ecosdelsur.com\/index.php?rest_route=\/wp\/v2\/types\/post"}],"author":[{"embeddable":true,"href":"https:\/\/ecosdelsur.com\/index.php?rest_route=\/wp\/v2\/users\/8"}],"replies":[{"embeddable":true,"href":"https:\/\/ecosdelsur.com\/index.php?rest_route=%2Fwp%2Fv2%2Fcomments&post=34187"}],"version-history":[{"count":0,"href":"https:\/\/ecosdelsur.com\/index.php?rest_route=\/wp\/v2\/posts\/34187\/revisions"}],"wp:featuredmedia":[{"embeddable":true,"href":"https:\/\/ecosdelsur.com\/index.php?rest_route=\/wp\/v2\/media\/34188"}],"wp:attachment":[{"href":"https:\/\/ecosdelsur.com\/index.php?rest_route=%2Fwp%2Fv2%2Fmedia&parent=34187"}],"wp:term":[{"taxonomy":"category","embeddable":true,"href":"https:\/\/ecosdelsur.com\/index.php?rest_route=%2Fwp%2Fv2%2Fcategories&post=34187"},{"taxonomy":"post_tag","embeddable":true,"href":"https:\/\/ecosdelsur.com\/index.php?rest_route=%2Fwp%2Fv2%2Ftags&post=34187"}],"curies":[{"name":"wp","href":"https:\/\/api.w.org\/{rel}","templated":true}]}}