{"id":34184,"date":"2025-08-19T13:44:21","date_gmt":"2025-08-19T13:44:21","guid":{"rendered":"https:\/\/ecosdelsur.com\/?p=34184"},"modified":"2025-08-19T13:44:21","modified_gmt":"2025-08-19T13:44:21","slug":"direccion-de-transportes-un-eslabon-clave-para-el-funcionamiento-integral-de-vialidad-provincial","status":"publish","type":"post","link":"https:\/\/ecosdelsur.com\/?p=34184","title":{"rendered":"Direcci\u00f3n de Transportes: un eslab\u00f3n clave para el funcionamiento integral de Vialidad Provincial"},"content":{"rendered":"<p><span class=\"itemDateCreated\" style=\"color: #ff0000;\">Martes, 19 Agosto 2025 &#8211; <\/span>La Direcci\u00f3n de Transportes forma parte de la Administraci\u00f3n General de Vialidad Provincial (AGVP) y cumple un rol fundamental dentro de su estructura, ya que garantiza que las distintas \u00e1reas cuenten con los recursos necesarios para llevar adelante las tareas de mantenimiento y conservaci\u00f3n de la red vial en todo el territorio santacruce\u00f1o.<\/p>\n<div class=\"itemFullText\"><img decoding=\"async\" class=\"alignnone size-full wp-image-34185 lazyload\" data-src=\"https:\/\/ecosdelsur.com\/wp-content\/uploads\/2025\/08\/32fea620623a3d57932c0e3afbd15707_XL.jpg\" alt=\"\" width=\"900\" height=\"675\" data-srcset=\"https:\/\/ecosdelsur.com\/wp-content\/uploads\/2025\/08\/32fea620623a3d57932c0e3afbd15707_XL.jpg 900w, https:\/\/ecosdelsur.com\/wp-content\/uploads\/2025\/08\/32fea620623a3d57932c0e3afbd15707_XL-300x225.jpg 300w, https:\/\/ecosdelsur.com\/wp-content\/uploads\/2025\/08\/32fea620623a3d57932c0e3afbd15707_XL-768x576.jpg 768w\" data-sizes=\"(max-width: 900px) 100vw, 900px\" src=\"data:image\/svg+xml;base64,PHN2ZyB3aWR0aD0iMSIgaGVpZ2h0PSIxIiB4bWxucz0iaHR0cDovL3d3dy53My5vcmcvMjAwMC9zdmciPjwvc3ZnPg==\" style=\"--smush-placeholder-width: 900px; --smush-placeholder-aspect-ratio: 900\/675;\" \/><\/div>\n<div><\/div>\n<div>\n<p>A lo largo del a\u00f1o y, particularmente durante el periodo de Plan Invernal, la Administraci\u00f3n General de Vialidad Provincial (AGVP) se destaca por su labor constante en el mantenimiento de los accesos terrestres y rutas en todo el territorio de Santa Cruz.<\/p>\n<p>En este contexto, la Direcci\u00f3n de Transportes \u2013dependiente de la Jefatura de Conservaci\u00f3n de Caminos, Obras, Talleres y Servicios- es una pieza fundamental para llevar a cabo tareas que implican el traslado de insumos y equipos, supervisi\u00f3n y asistencia.<\/p>\n<p>\u201cEn este periodo invernal, encomendado por nuestro presidente Julio Cesar Bujer, se ha abocado a la m\u00e1xima presencia en la transitabilidad y la seguridad vial, dando prioridad a los riesgos y asegurar la conectividad en la rutas, priorizando siempre la seguridad de los usuarios\u201d, remarc\u00f3 el jefe de Transporte, Diego Castro, quien se\u00f1al\u00f3 que vienen trabajando en forma conjunta con las diferentes \u00e1reas y distritos viales de la provincia, para hacer frente a los requerimientos desde la administraci\u00f3n.<\/p>\n<p>En tanto, el personal de la Direcci\u00f3n de Transporte se encuentra abocado diariamente a mantener los m\u00f3viles oficiales en \u00f3ptimas condiciones, los cuales son utilizados para el posterior traslado del personal, como as\u00ed tambi\u00e9n la flota pesada para el traslado de maquinaria, equipos de traslado de sal. Asimismo, el sector administrativo del \u00e1rea se encarga de verificar la documentaci\u00f3n al d\u00eda de todos los equipos viales.<\/p>\n<p>Castro explic\u00f3 que, adem\u00e1s de colaborar con los distritos y delegaciones viales en el traslado de sal y l\u00edquido antihielo, brindan asistencia y rescate a personas varadas con sus veh\u00edculos y deben responder r\u00e1pidamente ante cualquier accidente o incidente vial.<\/p>\n<p>\u201cAgradecemos al gobernador Claudio Vidal y al presidente de la Administraci\u00f3n General de Vialidad Provincial Julio Cesar Bujer, por darnos los elementos necesarios para poder afrontar esta temporada invernal, como tambi\u00e9n la confianza y haber podido dar los recursos necesarios para afrontar los requerimientos del d\u00eda a d\u00eda\u201d, expres\u00f3 el jefe de Transporte en AGVP.<\/p>\n<p>De esta manera, la Direcci\u00f3n de Transportes se convierte en un eslab\u00f3n clave para el funcionamiento integral de Vialidad Provincial, acompa\u00f1ando el trabajo de mantenimiento, conservaci\u00f3n y seguridad vial en toda Santa Cruz.<\/p>\n<\/div>\n<p>&nbsp;<\/p>\n<p>(Fuente: Gobierno de Santa Cruz)<\/p>\n","protected":false},"excerpt":{"rendered":"<p>Martes, 19 Agosto 2025 &#8211; La Direcci\u00f3n de Transportes forma parte de la Administraci\u00f3n General de Vialidad Provincial (AGVP) y<\/p>\n","protected":false},"author":8,"featured_media":34185,"comment_status":"closed","ping_status":"closed","sticky":false,"template":"","format":"standard","meta":{"footnotes":""},"categories":[1173],"tags":[],"class_list":["post-34184","post","type-post","status-publish","format-standard","has-post-thumbnail","hentry","category-vialidad-provincial"],"_links":{"self":[{"href":"https:\/\/ecosdelsur.com\/index.php?rest_route=\/wp\/v2\/posts\/34184","targetHints":{"allow":["GET"]}}],"collection":[{"href":"https:\/\/ecosdelsur.com\/index.php?rest_route=\/wp\/v2\/posts"}],"about":[{"href":"https:\/\/ecosdelsur.com\/index.php?rest_route=\/wp\/v2\/types\/post"}],"author":[{"embeddable":true,"href":"https:\/\/ecosdelsur.com\/index.php?rest_route=\/wp\/v2\/users\/8"}],"replies":[{"embeddable":true,"href":"https:\/\/ecosdelsur.com\/index.php?rest_route=%2Fwp%2Fv2%2Fcomments&post=34184"}],"version-history":[{"count":0,"href":"https:\/\/ecosdelsur.com\/index.php?rest_route=\/wp\/v2\/posts\/34184\/revisions"}],"wp:featuredmedia":[{"embeddable":true,"href":"https:\/\/ecosdelsur.com\/index.php?rest_route=\/wp\/v2\/media\/34185"}],"wp:attachment":[{"href":"https:\/\/ecosdelsur.com\/index.php?rest_route=%2Fwp%2Fv2%2Fmedia&parent=34184"}],"wp:term":[{"taxonomy":"category","embeddable":true,"href":"https:\/\/ecosdelsur.com\/index.php?rest_route=%2Fwp%2Fv2%2Fcategories&post=34184"},{"taxonomy":"post_tag","embeddable":true,"href":"https:\/\/ecosdelsur.com\/index.php?rest_route=%2Fwp%2Fv2%2Ftags&post=34184"}],"curies":[{"name":"wp","href":"https:\/\/api.w.org\/{rel}","templated":true}]}}