{"id":34100,"date":"2025-08-18T15:18:26","date_gmt":"2025-08-18T15:18:26","guid":{"rendered":"https:\/\/ecosdelsur.com\/?p=34100"},"modified":"2025-08-18T15:18:26","modified_gmt":"2025-08-18T15:18:26","slug":"santa-cruz-garantiza-su-presencia-en-los-juegos-evita-pese-a-la-crisis-nacional","status":"publish","type":"post","link":"https:\/\/ecosdelsur.com\/?p=34100","title":{"rendered":"Santa Cruz garantiza su presencia en los Juegos Evita pese a la crisis nacional"},"content":{"rendered":"<p><span class=\"itemDateCreated\" style=\"color: #ff0000;\">Domingo, 17 Agosto 2025 &#8211; <\/span>El gobernador Claudio Vidal anunci\u00f3 hoy que Santa Cruz participar\u00e1 en una nueva edici\u00f3n de los Juegos Nacionales Evita, asegurando la presencia de ni\u00f1os, j\u00f3venes y adultos mayores de toda la provincia en la competencia deportiva y cultural m\u00e1s federal del pa\u00eds.<\/p>\n<div class=\"itemFullText\"><img decoding=\"async\" class=\"alignnone size-full wp-image-34101 lazyload\" data-src=\"https:\/\/ecosdelsur.com\/wp-content\/uploads\/2025\/08\/5acd571c59bb6a0559ae6db5b0a93970_XL.jpg\" alt=\"\" width=\"900\" height=\"600\" data-srcset=\"https:\/\/ecosdelsur.com\/wp-content\/uploads\/2025\/08\/5acd571c59bb6a0559ae6db5b0a93970_XL.jpg 900w, https:\/\/ecosdelsur.com\/wp-content\/uploads\/2025\/08\/5acd571c59bb6a0559ae6db5b0a93970_XL-300x200.jpg 300w, https:\/\/ecosdelsur.com\/wp-content\/uploads\/2025\/08\/5acd571c59bb6a0559ae6db5b0a93970_XL-768x512.jpg 768w\" data-sizes=\"(max-width: 900px) 100vw, 900px\" src=\"data:image\/svg+xml;base64,PHN2ZyB3aWR0aD0iMSIgaGVpZ2h0PSIxIiB4bWxucz0iaHR0cDovL3d3dy53My5vcmcvMjAwMC9zdmciPjwvc3ZnPg==\" style=\"--smush-placeholder-width: 900px; --smush-placeholder-aspect-ratio: 900\/600;\" \/><\/div>\n<div><\/div>\n<div>\n<p>En un contexto de fuerte crisis econ\u00f3mica que llev\u00f3 a que algunas provincias pusieran en duda su participaci\u00f3n \u2013e incluso a que La Rioja confirmara que no podr\u00e1 asistir\u2013, Vidal remarc\u00f3 que la provincia har\u00e1 el esfuerzo necesario para estar representada:<\/p>\n<p>\u201cNo pod\u00edamos privar a nuestros j\u00f3venes deportistas ni a nuestros adultos mayores de esta experiencia \u00fanica. Los Juegos Evita son integraci\u00f3n, igualdad de oportunidades y un orgullo para quienes representan a Santa Cruz en el pa\u00eds\u201d, se\u00f1al\u00f3.<\/p>\n<\/div>\n<p><strong>Un compromiso con la inclusi\u00f3n<\/strong><\/p>\n<p>La ministra de Desarrollo Social, Igualdad e Integraci\u00f3n, Luisa C\u00e1rdenas, celebr\u00f3 el anuncio y destac\u00f3 el valor de esta definici\u00f3n pol\u00edtica:<\/p>\n<p>\u201cEn un momento donde algunas provincias no pueden garantizar su participaci\u00f3n, Santa Cruz redobla el compromiso. Los Juegos Evita no son solo competencia, son inclusi\u00f3n, federalismo y oportunidades que marcan la vida de nuestros chicos, chicas y adultos mayores. Los Juegos Evita son una experiencia \u00fanica e inolvidable para todo deportista, por lo que nos enorgullece que, ante esta situaci\u00f3n dif\u00edcil econ\u00f3micamente, Santa Cruz pueda estar representada\u201d.<\/p>\n<p><strong>M\u00e1s que deporte<\/strong><\/p>\n<p>La participaci\u00f3n santacruce\u00f1a en los Juegos Evita significa mucho m\u00e1s que competir: representa la primera experiencia nacional para muchos j\u00f3venes atletas, un espacio de integraci\u00f3n comunitaria para los adultos mayores, y la posibilidad de que la provincia reafirme su identidad en un encuentro que, desde hace d\u00e9cadas, es sin\u00f3nimo de federalismo e igualdad de oportunidades.<\/p>\n<p>&nbsp;<\/p>\n<p>(Fuente: Gobierno de Santa Cruz)<\/p>\n","protected":false},"excerpt":{"rendered":"<p>Domingo, 17 Agosto 2025 &#8211; El gobernador Claudio Vidal anunci\u00f3 hoy que Santa Cruz participar\u00e1 en una nueva edici\u00f3n de<\/p>\n","protected":false},"author":8,"featured_media":34101,"comment_status":"closed","ping_status":"closed","sticky":false,"template":"","format":"standard","meta":{"footnotes":""},"categories":[1094],"tags":[],"class_list":["post-34100","post","type-post","status-publish","format-standard","has-post-thumbnail","hentry","category-gobierno"],"_links":{"self":[{"href":"https:\/\/ecosdelsur.com\/index.php?rest_route=\/wp\/v2\/posts\/34100","targetHints":{"allow":["GET"]}}],"collection":[{"href":"https:\/\/ecosdelsur.com\/index.php?rest_route=\/wp\/v2\/posts"}],"about":[{"href":"https:\/\/ecosdelsur.com\/index.php?rest_route=\/wp\/v2\/types\/post"}],"author":[{"embeddable":true,"href":"https:\/\/ecosdelsur.com\/index.php?rest_route=\/wp\/v2\/users\/8"}],"replies":[{"embeddable":true,"href":"https:\/\/ecosdelsur.com\/index.php?rest_route=%2Fwp%2Fv2%2Fcomments&post=34100"}],"version-history":[{"count":0,"href":"https:\/\/ecosdelsur.com\/index.php?rest_route=\/wp\/v2\/posts\/34100\/revisions"}],"wp:featuredmedia":[{"embeddable":true,"href":"https:\/\/ecosdelsur.com\/index.php?rest_route=\/wp\/v2\/media\/34101"}],"wp:attachment":[{"href":"https:\/\/ecosdelsur.com\/index.php?rest_route=%2Fwp%2Fv2%2Fmedia&parent=34100"}],"wp:term":[{"taxonomy":"category","embeddable":true,"href":"https:\/\/ecosdelsur.com\/index.php?rest_route=%2Fwp%2Fv2%2Fcategories&post=34100"},{"taxonomy":"post_tag","embeddable":true,"href":"https:\/\/ecosdelsur.com\/index.php?rest_route=%2Fwp%2Fv2%2Ftags&post=34100"}],"curies":[{"name":"wp","href":"https:\/\/api.w.org\/{rel}","templated":true}]}}