{"id":34097,"date":"2025-08-18T15:01:11","date_gmt":"2025-08-18T15:01:11","guid":{"rendered":"https:\/\/ecosdelsur.com\/?p=34097"},"modified":"2025-08-18T15:01:58","modified_gmt":"2025-08-18T15:01:58","slug":"reconocimiento-a-la-formacion-puerto-deseado-celebra-el-impacto-de-la-capacitacion-en-maquinaria-pesada","status":"publish","type":"post","link":"https:\/\/ecosdelsur.com\/?p=34097","title":{"rendered":"Reconocimiento a la formaci\u00f3n: Puerto Deseado celebra el impacto de la capacitaci\u00f3n en maquinaria pesada"},"content":{"rendered":"<p><span class=\"itemDateCreated\" style=\"color: #ff0000;\">S\u00e1bado, 16 Agosto 2025 &#8211; <\/span><span class=\"TextRun SCXW208764346 BCX8\" lang=\"ES-ES\" xml:lang=\"ES-ES\" data-contrast=\"auto\"><span class=\"NormalTextRun SCXW208764346 BCX8\">En un evento cargado de emoci\u00f3n, el intendente\u00a0<\/span><span class=\"NormalTextRun SCXW208764346 BCX8\">de la localidad portuaria,\u00a0<\/span><span class=\"NormalTextRun SCXW208764346 BCX8\">Ra\u00fal<\/span>\u00a0<span class=\"NormalTextRun SCXW208764346 BCX8\">Mart\u00ednez<\/span><span class=\"NormalTextRun SCXW208764346 BCX8\">,<\/span><span class=\"NormalTextRun SCXW208764346 BCX8\">\u00a0entreg\u00f3 un merecido reconocimiento por la exitosa organizaci\u00f3n de los talleres de capacitaci\u00f3n en maquinaria pesada, realizados\u00a0<\/span><span class=\"NormalTextRun SCXW208764346 BCX8\">por\u00a0<\/span><span class=\"NormalTextRun SpellingErrorV2Themed SCXW208764346 BCX8\">Distrigas<\/span><span class=\"NormalTextRun SCXW208764346 BCX8\">\u00a0S.A\u00a0<\/span><span class=\"NormalTextRun SCXW208764346 BCX8\">del 11 al 15 de agosto.<\/span><\/span><span class=\"EOP SCXW208764346 BCX8\" data-ccp-props=\"{&quot;134233117&quot;:false,&quot;134233118&quot;:false,&quot;335551550&quot;:6,&quot;335551620&quot;:6,&quot;335559738&quot;:0,&quot;335559739&quot;:0}\">\u00a0<\/span><\/p>\n<div class=\"itemFullText\"><img decoding=\"async\" class=\"alignnone size-full wp-image-34098 lazyload\" data-src=\"https:\/\/ecosdelsur.com\/wp-content\/uploads\/2025\/08\/e6bac6a5a03525377b12e819dfb58fb3_XL.jpg\" alt=\"\" width=\"900\" height=\"675\" data-srcset=\"https:\/\/ecosdelsur.com\/wp-content\/uploads\/2025\/08\/e6bac6a5a03525377b12e819dfb58fb3_XL.jpg 900w, https:\/\/ecosdelsur.com\/wp-content\/uploads\/2025\/08\/e6bac6a5a03525377b12e819dfb58fb3_XL-300x225.jpg 300w, https:\/\/ecosdelsur.com\/wp-content\/uploads\/2025\/08\/e6bac6a5a03525377b12e819dfb58fb3_XL-768x576.jpg 768w\" data-sizes=\"(max-width: 900px) 100vw, 900px\" src=\"data:image\/svg+xml;base64,PHN2ZyB3aWR0aD0iMSIgaGVpZ2h0PSIxIiB4bWxucz0iaHR0cDovL3d3dy53My5vcmcvMjAwMC9zdmciPjwvc3ZnPg==\" style=\"--smush-placeholder-width: 900px; --smush-placeholder-aspect-ratio: 900\/675;\" \/><\/div>\n<div><\/div>\n<div>\n<p><span data-contrast=\"auto\">La distinci\u00f3n\u00a0fue para el Gerente Provincial de Relaciones Institucionales de la empresa gas\u00edfera, Maximiliano G\u00f3mez, quien con su labor y gesti\u00f3n ha llevado este programa a cinco localidades, impactando positivamente a m\u00e1s de 1000 vecinos. Las ciudades de R\u00edo Gallegos, Perito Moreno, La Cuenca Carbon\u00edfera, Pico Truncado y Puerto Deseado ya han sido\u00a0parte de esa valiosa iniciativa.<\/span><\/p>\n<p><span data-contrast=\"auto\">Durante la ceremonia de entrega de certificados, el\u00a0mandatario municipal destac\u00f3 la importancia de este tipo de programas para el desarrollo de la mano de obra local. &#8220;La capacitaci\u00f3n es la clave para un futuro m\u00e1s pr\u00f3spero&#8221;, afirm\u00f3 Mart\u00ednez, subrayando que esta formaci\u00f3n gratuita permite a los residentes acceder a nuevas oportunidades laborales y fortalecer la econom\u00eda de la provincia.<\/span><\/p>\n<p><span data-contrast=\"auto\">La iniciativa, que\u00a0fue un \u00e9xito rotundo en cada localidad, tiene como objetivo llegar a cada rinc\u00f3n de Santa Cruz. La pr\u00f3xima semana, el programa continuar\u00e1 su recorrido en Jaramillo, Fitz Roy y Tellier, y se espera que pronto llegue a Los Antiguos, Gobernador Gregores, El Calafate y Caleta Olivia.<\/span><\/p>\n<p><span data-contrast=\"auto\">Por su parte, Maximiliano G\u00f3mez agradeci\u00f3 al gobernador Claudio Vidal por el acompa\u00f1amiento, reiter\u00f3 el compromiso de su equipo de seguir trabajando para que m\u00e1s santacruce\u00f1os puedan capacitarse y mejorar sus habilidades, contribuyendo as\u00ed al crecimiento y desarrollo de toda la provincia.<\/span><\/p>\n<\/div>\n<p>&nbsp;<\/p>\n<p>(Fuente: Gobierno de Santa Cruz)<\/p>\n","protected":false},"excerpt":{"rendered":"<p>S\u00e1bado, 16 Agosto 2025 &#8211; En un evento cargado de emoci\u00f3n, el intendente\u00a0de la localidad portuaria,\u00a0Ra\u00fal\u00a0Mart\u00ednez,\u00a0entreg\u00f3 un merecido reconocimiento por<\/p>\n","protected":false},"author":8,"featured_media":34098,"comment_status":"closed","ping_status":"closed","sticky":false,"template":"","format":"standard","meta":{"footnotes":""},"categories":[1155],"tags":[],"class_list":["post-34097","post","type-post","status-publish","format-standard","has-post-thumbnail","hentry","category-distrigas"],"_links":{"self":[{"href":"https:\/\/ecosdelsur.com\/index.php?rest_route=\/wp\/v2\/posts\/34097","targetHints":{"allow":["GET"]}}],"collection":[{"href":"https:\/\/ecosdelsur.com\/index.php?rest_route=\/wp\/v2\/posts"}],"about":[{"href":"https:\/\/ecosdelsur.com\/index.php?rest_route=\/wp\/v2\/types\/post"}],"author":[{"embeddable":true,"href":"https:\/\/ecosdelsur.com\/index.php?rest_route=\/wp\/v2\/users\/8"}],"replies":[{"embeddable":true,"href":"https:\/\/ecosdelsur.com\/index.php?rest_route=%2Fwp%2Fv2%2Fcomments&post=34097"}],"version-history":[{"count":0,"href":"https:\/\/ecosdelsur.com\/index.php?rest_route=\/wp\/v2\/posts\/34097\/revisions"}],"wp:featuredmedia":[{"embeddable":true,"href":"https:\/\/ecosdelsur.com\/index.php?rest_route=\/wp\/v2\/media\/34098"}],"wp:attachment":[{"href":"https:\/\/ecosdelsur.com\/index.php?rest_route=%2Fwp%2Fv2%2Fmedia&parent=34097"}],"wp:term":[{"taxonomy":"category","embeddable":true,"href":"https:\/\/ecosdelsur.com\/index.php?rest_route=%2Fwp%2Fv2%2Fcategories&post=34097"},{"taxonomy":"post_tag","embeddable":true,"href":"https:\/\/ecosdelsur.com\/index.php?rest_route=%2Fwp%2Fv2%2Ftags&post=34097"}],"curies":[{"name":"wp","href":"https:\/\/api.w.org\/{rel}","templated":true}]}}