{"id":34008,"date":"2025-08-13T20:02:48","date_gmt":"2025-08-13T20:02:48","guid":{"rendered":"https:\/\/ecosdelsur.com\/?p=34008"},"modified":"2025-08-13T20:04:01","modified_gmt":"2025-08-13T20:04:01","slug":"la-unpa-y-amet-impulsaran-acciones-conjuntas-en-seguridad-e-higiene-para-escuelas-tecnicas","status":"publish","type":"post","link":"https:\/\/ecosdelsur.com\/?p=34008","title":{"rendered":"La UNPA y AMET impulsar\u00e1n acciones conjuntas en Seguridad e Higiene para escuelas t\u00e9cnicas"},"content":{"rendered":"<div class=\"itemToolbar2\">\n<p><span class=\"itemDateCreated\"><span style=\"color: #ff0000;\">Mi\u00e9rcoles, 13 Agosto 2025<\/span> &#8211; <\/span>La Unidad Acad\u00e9mica Caleta Olivia de la Universidad Nacional de la Patagonia Austral y la Asociaci\u00f3n del Magisterio de Ense\u00f1anza T\u00e9cnica (AMET) desarrollar\u00e1n actividades conjuntas en materia de capacitaci\u00f3n y formaci\u00f3n, tras la firma de un acuerdo celebrado esta ma\u00f1ana en el decanato de nuestra sede universitaria.<\/p>\n<\/div>\n<p><img decoding=\"async\" class=\"size-full wp-image-34010 alignleft lazyload\" data-src=\"https:\/\/ecosdelsur.com\/wp-content\/uploads\/2025\/08\/WhatsApp-Image-2025-08-13-at-16.38.24.jpeg\" alt=\"\" width=\"800\" height=\"450\" data-srcset=\"https:\/\/ecosdelsur.com\/wp-content\/uploads\/2025\/08\/WhatsApp-Image-2025-08-13-at-16.38.24.jpeg 800w, https:\/\/ecosdelsur.com\/wp-content\/uploads\/2025\/08\/WhatsApp-Image-2025-08-13-at-16.38.24-300x169.jpeg 300w, https:\/\/ecosdelsur.com\/wp-content\/uploads\/2025\/08\/WhatsApp-Image-2025-08-13-at-16.38.24-768x432.jpeg 768w\" data-sizes=\"(max-width: 800px) 100vw, 800px\" src=\"data:image\/svg+xml;base64,PHN2ZyB3aWR0aD0iMSIgaGVpZ2h0PSIxIiB4bWxucz0iaHR0cDovL3d3dy53My5vcmcvMjAwMC9zdmciPjwvc3ZnPg==\" style=\"--smush-placeholder-width: 800px; --smush-placeholder-aspect-ratio: 800\/450;\" \/><\/p>\n<p>El documento fue rubricado por el Decano, Mg. Claudio Fern\u00e1ndez, y la secretaria de Relaciones Gremiales de AMET, Andrea Gallegos, con el objetivo de fortalecer la seguridad y la prevenci\u00f3n en el \u00e1mbito educativo t\u00e9cnico.<\/p>\n<p>En el marco de este convenio, se prev\u00e9 la realizaci\u00f3n de una capacitaci\u00f3n en Seguridad e Higiene destinada a escuelas t\u00e9cnicas, que estar\u00e1 a cargo del Lic. Luis Nieto.<\/p>\n<p>La propuesta busca brindar herramientas te\u00f3ricas y pr\u00e1cticas que permitan mejorar las condiciones de trabajo, promover entornos escolares seguros y reforzar la prevenci\u00f3n de riesgos.<\/p>\n<p>Finalmente, cabe mencionar que el acuerdo contempla cooperaci\u00f3n institucional entre nuestra sede y la AMET, el desarrollo conjunto de actividades formativas en temas de inter\u00e9s com\u00fan, y la articulaci\u00f3n de recursos y esfuerzos para beneficiar a las comunidades<br \/>\neducativas.<\/p>\n","protected":false},"excerpt":{"rendered":"<p>Mi\u00e9rcoles, 13 Agosto 2025 &#8211; La Unidad Acad\u00e9mica Caleta Olivia de la Universidad Nacional de la Patagonia Austral y la<\/p>\n","protected":false},"author":8,"featured_media":34009,"comment_status":"closed","ping_status":"closed","sticky":false,"template":"","format":"standard","meta":{"footnotes":""},"categories":[35],"tags":[],"class_list":["post-34008","post","type-post","status-publish","format-standard","has-post-thumbnail","hentry","category-sociedad"],"_links":{"self":[{"href":"https:\/\/ecosdelsur.com\/index.php?rest_route=\/wp\/v2\/posts\/34008","targetHints":{"allow":["GET"]}}],"collection":[{"href":"https:\/\/ecosdelsur.com\/index.php?rest_route=\/wp\/v2\/posts"}],"about":[{"href":"https:\/\/ecosdelsur.com\/index.php?rest_route=\/wp\/v2\/types\/post"}],"author":[{"embeddable":true,"href":"https:\/\/ecosdelsur.com\/index.php?rest_route=\/wp\/v2\/users\/8"}],"replies":[{"embeddable":true,"href":"https:\/\/ecosdelsur.com\/index.php?rest_route=%2Fwp%2Fv2%2Fcomments&post=34008"}],"version-history":[{"count":0,"href":"https:\/\/ecosdelsur.com\/index.php?rest_route=\/wp\/v2\/posts\/34008\/revisions"}],"wp:featuredmedia":[{"embeddable":true,"href":"https:\/\/ecosdelsur.com\/index.php?rest_route=\/wp\/v2\/media\/34009"}],"wp:attachment":[{"href":"https:\/\/ecosdelsur.com\/index.php?rest_route=%2Fwp%2Fv2%2Fmedia&parent=34008"}],"wp:term":[{"taxonomy":"category","embeddable":true,"href":"https:\/\/ecosdelsur.com\/index.php?rest_route=%2Fwp%2Fv2%2Fcategories&post=34008"},{"taxonomy":"post_tag","embeddable":true,"href":"https:\/\/ecosdelsur.com\/index.php?rest_route=%2Fwp%2Fv2%2Ftags&post=34008"}],"curies":[{"name":"wp","href":"https:\/\/api.w.org\/{rel}","templated":true}]}}