{"id":33988,"date":"2025-08-13T14:59:19","date_gmt":"2025-08-13T14:59:19","guid":{"rendered":"https:\/\/ecosdelsur.com\/?p=33988"},"modified":"2025-08-13T15:02:17","modified_gmt":"2025-08-13T15:02:17","slug":"gobernador-gregores-inauguro-su-nuevo-albergue-municipal-y-recibio-a-los-juegos-evita-de-voley-sub-15","status":"publish","type":"post","link":"https:\/\/ecosdelsur.com\/?p=33988","title":{"rendered":"Gobernador Gregores inaugur\u00f3 su nuevo albergue municipal y recibi\u00f3 a los Juegos Evita de V\u00f3ley Sub 15"},"content":{"rendered":"<p><span class=\"itemDateCreated\" style=\"color: #ff0000;\">Mi\u00e9rcoles, 13 Agosto 2025<\/span><\/p>\n<div class=\"itemIntroText\">\n<p>El Gobierno de Santa Cruz acompa\u00f1\u00f3, a trav\u00e9s del jefe de Gabinete, Daniel \u00c1lvarez, la ministra de Desarrollo Social, Luisa C\u00e1rdenas, el secretario de Estado de Deporte y Recreaci\u00f3n, Ezequiel Artieda, y el presidente del Consejo Agrario Provincial, Adri\u00e1n Su\u00e1rez, la inauguraci\u00f3n del nuevo albergue municipal en Gobernador Gregores, en el marco de los Juegos Evita de v\u00f3ley masculino Sub 15.<\/p>\n<\/div>\n<div class=\"itemFullText\"><img decoding=\"async\" class=\"alignnone wp-image-33989 lazyload\" data-src=\"https:\/\/ecosdelsur.com\/wp-content\/uploads\/2025\/08\/a6a04b8119926f3944b13280b351946d_XL.jpg\" alt=\"\" width=\"671\" height=\"503\" data-srcset=\"https:\/\/ecosdelsur.com\/wp-content\/uploads\/2025\/08\/a6a04b8119926f3944b13280b351946d_XL.jpg 900w, https:\/\/ecosdelsur.com\/wp-content\/uploads\/2025\/08\/a6a04b8119926f3944b13280b351946d_XL-300x225.jpg 300w, https:\/\/ecosdelsur.com\/wp-content\/uploads\/2025\/08\/a6a04b8119926f3944b13280b351946d_XL-768x576.jpg 768w\" data-sizes=\"(max-width: 671px) 100vw, 671px\" src=\"data:image\/svg+xml;base64,PHN2ZyB3aWR0aD0iMSIgaGVpZ2h0PSIxIiB4bWxucz0iaHR0cDovL3d3dy53My5vcmcvMjAwMC9zdmciPjwvc3ZnPg==\" style=\"--smush-placeholder-width: 671px; --smush-placeholder-aspect-ratio: 671\/503;\" \/><\/div>\n<div><\/div>\n<div>\n<p>El acto fue encabezado por la intendenta Carina Judith Bosso y marc\u00f3 la apertura del albergue municipal \u201cAlberto Salvador Benedicto Catanese\u201d, un espacio moderno construido con fondos provinciales y municipales que permitir\u00e1 alojar delegaciones deportivas, culturales y sociales. La jornada convoc\u00f3 a autoridades, vecinos y representantes de distintas localidades, en un clima de encuentro y participaci\u00f3n comunitaria.<\/p>\n<\/div>\n<p>&nbsp;<\/p>\n<p><img decoding=\"async\" class=\"alignnone wp-image-33991 lazyload\" data-src=\"https:\/\/ecosdelsur.com\/wp-content\/uploads\/2025\/08\/WhatsApp_Image_2025-08-13_at_10.58.48-1024x768.jpeg\" alt=\"\" width=\"434\" height=\"325\" data-srcset=\"https:\/\/ecosdelsur.com\/wp-content\/uploads\/2025\/08\/WhatsApp_Image_2025-08-13_at_10.58.48-scaled.jpeg 1024w, https:\/\/ecosdelsur.com\/wp-content\/uploads\/2025\/08\/WhatsApp_Image_2025-08-13_at_10.58.48-300x225.jpeg 300w, https:\/\/ecosdelsur.com\/wp-content\/uploads\/2025\/08\/WhatsApp_Image_2025-08-13_at_10.58.48-768x576.jpeg 768w\" data-sizes=\"(max-width: 434px) 100vw, 434px\" src=\"data:image\/svg+xml;base64,PHN2ZyB3aWR0aD0iMSIgaGVpZ2h0PSIxIiB4bWxucz0iaHR0cDovL3d3dy53My5vcmcvMjAwMC9zdmciPjwvc3ZnPg==\" style=\"--smush-placeholder-width: 434px; --smush-placeholder-aspect-ratio: 434\/325;\" \/>\u00a0 \u00a0 \u00a0<img decoding=\"async\" class=\"alignnone wp-image-33990 lazyload\" data-src=\"https:\/\/ecosdelsur.com\/wp-content\/uploads\/2025\/08\/WhatsApp_Image_2025-08-13_at_10.58.48_1-768x1024.jpeg\" alt=\"\" width=\"245\" height=\"327\" data-srcset=\"https:\/\/ecosdelsur.com\/wp-content\/uploads\/2025\/08\/WhatsApp_Image_2025-08-13_at_10.58.48_1-scaled.jpeg 768w, https:\/\/ecosdelsur.com\/wp-content\/uploads\/2025\/08\/WhatsApp_Image_2025-08-13_at_10.58.48_1-225x300.jpeg 225w\" data-sizes=\"(max-width: 245px) 100vw, 245px\" src=\"data:image\/svg+xml;base64,PHN2ZyB3aWR0aD0iMSIgaGVpZ2h0PSIxIiB4bWxucz0iaHR0cDovL3d3dy53My5vcmcvMjAwMC9zdmciPjwvc3ZnPg==\" style=\"--smush-placeholder-width: 245px; --smush-placeholder-aspect-ratio: 245\/327;\" \/><\/p>\n<p>&nbsp;<\/p>\n<p>En este marco, la localidad volvi\u00f3 a ser sede de los Juegos Evita de v\u00f3ley masculino Sub 15, despu\u00e9s de muchos a\u00f1os. La competencia re\u00fane a equipos de Comandante Luis Piedra Buena, R\u00edo Gallegos, Las Heras, Caleta Olivia, R\u00edo Turbio, Puerto San Juli\u00e1n, El Calafate y el anfitri\u00f3n, Gobernador Gregores. \u201cM\u00e1s all\u00e1 de la competencia, lo importante es disfrutar, hacer amistades y vivir esta experiencia al m\u00e1ximo\u201d, destac\u00f3 Bosso, en di\u00e1logo con Radio Provincia y valor\u00f3 que j\u00f3venes de toda la provincia \u201ctengan la oportunidad de conocer la localidad y fortalecer el sentido de pertenencia a Santa Cruz\u201d.<\/p>\n<p>&nbsp;<\/p>\n<p><img decoding=\"async\" class=\"alignnone wp-image-33993 lazyload\" data-src=\"https:\/\/ecosdelsur.com\/wp-content\/uploads\/2025\/08\/WhatsApp_Image_2025-08-13_at_10.58.49-1024x682.jpeg\" alt=\"\" width=\"356\" height=\"237\" data-srcset=\"https:\/\/ecosdelsur.com\/wp-content\/uploads\/2025\/08\/WhatsApp_Image_2025-08-13_at_10.58.49-scaled.jpeg 1024w, https:\/\/ecosdelsur.com\/wp-content\/uploads\/2025\/08\/WhatsApp_Image_2025-08-13_at_10.58.49-300x200.jpeg 300w, https:\/\/ecosdelsur.com\/wp-content\/uploads\/2025\/08\/WhatsApp_Image_2025-08-13_at_10.58.49-768x512.jpeg 768w\" data-sizes=\"(max-width: 356px) 100vw, 356px\" src=\"data:image\/svg+xml;base64,PHN2ZyB3aWR0aD0iMSIgaGVpZ2h0PSIxIiB4bWxucz0iaHR0cDovL3d3dy53My5vcmcvMjAwMC9zdmciPjwvc3ZnPg==\" style=\"--smush-placeholder-width: 356px; --smush-placeholder-aspect-ratio: 356\/237;\" \/>\u00a0 \u00a0 <img decoding=\"async\" class=\"alignnone wp-image-33992 lazyload\" data-src=\"https:\/\/ecosdelsur.com\/wp-content\/uploads\/2025\/08\/WhatsApp_Image_2025-08-13_at_10.58.49_1-1024x685.jpeg\" alt=\"\" width=\"350\" height=\"234\" data-srcset=\"https:\/\/ecosdelsur.com\/wp-content\/uploads\/2025\/08\/WhatsApp_Image_2025-08-13_at_10.58.49_1-scaled.jpeg 1024w, https:\/\/ecosdelsur.com\/wp-content\/uploads\/2025\/08\/WhatsApp_Image_2025-08-13_at_10.58.49_1-300x201.jpeg 300w, https:\/\/ecosdelsur.com\/wp-content\/uploads\/2025\/08\/WhatsApp_Image_2025-08-13_at_10.58.49_1-768x514.jpeg 768w\" data-sizes=\"(max-width: 350px) 100vw, 350px\" src=\"data:image\/svg+xml;base64,PHN2ZyB3aWR0aD0iMSIgaGVpZ2h0PSIxIiB4bWxucz0iaHR0cDovL3d3dy53My5vcmcvMjAwMC9zdmciPjwvc3ZnPg==\" style=\"--smush-placeholder-width: 350px; --smush-placeholder-aspect-ratio: 350\/234;\" \/><\/p>\n<p>&nbsp;<\/p>\n<p>La jornada tambi\u00e9n incluy\u00f3 una recorrida por la Escuela Agropecuaria local, junto al presidente del Consejo Agrario Provincial, Adri\u00e1n Su\u00e1rez. All\u00ed se entregaron alimentos destinados a la instituci\u00f3n y se mantuvo un encuentro con el nuevo rector para conocer de primera mano los proyectos en marcha y las necesidades del establecimiento.<\/p>\n<p>&nbsp;<\/p>\n<p><img decoding=\"async\" class=\"alignnone wp-image-33995 lazyload\" data-src=\"https:\/\/ecosdelsur.com\/wp-content\/uploads\/2025\/08\/WhatsApp_Image_2025-08-13_at_10.59.11-1024x768.jpeg\" alt=\"\" width=\"371\" height=\"278\" data-srcset=\"https:\/\/ecosdelsur.com\/wp-content\/uploads\/2025\/08\/WhatsApp_Image_2025-08-13_at_10.59.11-scaled.jpeg 1024w, https:\/\/ecosdelsur.com\/wp-content\/uploads\/2025\/08\/WhatsApp_Image_2025-08-13_at_10.59.11-300x225.jpeg 300w, https:\/\/ecosdelsur.com\/wp-content\/uploads\/2025\/08\/WhatsApp_Image_2025-08-13_at_10.59.11-768x576.jpeg 768w\" data-sizes=\"(max-width: 371px) 100vw, 371px\" src=\"data:image\/svg+xml;base64,PHN2ZyB3aWR0aD0iMSIgaGVpZ2h0PSIxIiB4bWxucz0iaHR0cDovL3d3dy53My5vcmcvMjAwMC9zdmciPjwvc3ZnPg==\" style=\"--smush-placeholder-width: 371px; --smush-placeholder-aspect-ratio: 371\/278;\" \/>\u00a0 \u00a0 \u00a0<img decoding=\"async\" class=\"alignnone wp-image-33994 lazyload\" data-src=\"https:\/\/ecosdelsur.com\/wp-content\/uploads\/2025\/08\/WhatsApp_Image_2025-08-13_at_10.59.12-1024x768.jpeg\" alt=\"\" width=\"369\" height=\"277\" data-srcset=\"https:\/\/ecosdelsur.com\/wp-content\/uploads\/2025\/08\/WhatsApp_Image_2025-08-13_at_10.59.12-scaled.jpeg 1024w, https:\/\/ecosdelsur.com\/wp-content\/uploads\/2025\/08\/WhatsApp_Image_2025-08-13_at_10.59.12-300x225.jpeg 300w, https:\/\/ecosdelsur.com\/wp-content\/uploads\/2025\/08\/WhatsApp_Image_2025-08-13_at_10.59.12-768x576.jpeg 768w\" data-sizes=\"(max-width: 369px) 100vw, 369px\" src=\"data:image\/svg+xml;base64,PHN2ZyB3aWR0aD0iMSIgaGVpZ2h0PSIxIiB4bWxucz0iaHR0cDovL3d3dy53My5vcmcvMjAwMC9zdmciPjwvc3ZnPg==\" style=\"--smush-placeholder-width: 369px; --smush-placeholder-aspect-ratio: 369\/277;\" \/><\/p>\n<p>&nbsp;<\/p>\n<p>Bosso destac\u00f3 que se trata de \u201cuna escuela muy importante para Gregores y para la provincia\u201d, y valor\u00f3 que la visita permitiera proyectar acciones conjuntas y planificar mejoras a futuro. \u201cCada vez que nos visitan las autoridades provinciales tratamos de aprovecharlo al m\u00e1ximo, porque es una oportunidad para que vean de cerca el trabajo que se realiza y las demandas de nuestra comunidad educativa\u201d, se\u00f1al\u00f3.<\/p>\n<p>&nbsp;<\/p>\n<p><img decoding=\"async\" class=\"alignnone wp-image-33999 lazyload\" data-src=\"https:\/\/ecosdelsur.com\/wp-content\/uploads\/2025\/08\/WhatsApp_Image_2025-08-13_at_10.59.12_1-1024x768.jpeg\" alt=\"\" width=\"309\" height=\"231\" data-srcset=\"https:\/\/ecosdelsur.com\/wp-content\/uploads\/2025\/08\/WhatsApp_Image_2025-08-13_at_10.59.12_1-scaled.jpeg 1024w, https:\/\/ecosdelsur.com\/wp-content\/uploads\/2025\/08\/WhatsApp_Image_2025-08-13_at_10.59.12_1-300x225.jpeg 300w, https:\/\/ecosdelsur.com\/wp-content\/uploads\/2025\/08\/WhatsApp_Image_2025-08-13_at_10.59.12_1-768x576.jpeg 768w\" data-sizes=\"(max-width: 309px) 100vw, 309px\" src=\"data:image\/svg+xml;base64,PHN2ZyB3aWR0aD0iMSIgaGVpZ2h0PSIxIiB4bWxucz0iaHR0cDovL3d3dy53My5vcmcvMjAwMC9zdmciPjwvc3ZnPg==\" style=\"--smush-placeholder-width: 309px; --smush-placeholder-aspect-ratio: 309\/231;\" \/>\u00a0 \u00a0 <img decoding=\"async\" class=\"alignnone wp-image-33998 lazyload\" data-src=\"https:\/\/ecosdelsur.com\/wp-content\/uploads\/2025\/08\/WhatsApp_Image_2025-08-13_at_10.59.13-1024x578.jpeg\" alt=\"\" width=\"408\" height=\"230\" data-srcset=\"https:\/\/ecosdelsur.com\/wp-content\/uploads\/2025\/08\/WhatsApp_Image_2025-08-13_at_10.59.13-scaled.jpeg 1024w, https:\/\/ecosdelsur.com\/wp-content\/uploads\/2025\/08\/WhatsApp_Image_2025-08-13_at_10.59.13-300x169.jpeg 300w, https:\/\/ecosdelsur.com\/wp-content\/uploads\/2025\/08\/WhatsApp_Image_2025-08-13_at_10.59.13-768x433.jpeg 768w\" data-sizes=\"(max-width: 408px) 100vw, 408px\" src=\"data:image\/svg+xml;base64,PHN2ZyB3aWR0aD0iMSIgaGVpZ2h0PSIxIiB4bWxucz0iaHR0cDovL3d3dy53My5vcmcvMjAwMC9zdmciPjwvc3ZnPg==\" style=\"--smush-placeholder-width: 408px; --smush-placeholder-aspect-ratio: 408\/230;\" \/><\/p>\n<p>&nbsp;<\/p>\n<p>La intendenta resalt\u00f3 el acompa\u00f1amiento permanente del Gobierno Provincial y el valor de este contacto directo con la comunidad. \u201cSiempre es importante que las autoridades vengan, escuchen y recorran. Para nuestros vecinos es una se\u00f1al de compromiso y para nosotros, como gesti\u00f3n, una oportunidad de seguir trabajando en conjunto para dar respuesta a las necesidades de la localidad\u201d, expres\u00f3.<\/p>\n<p>&nbsp;<\/p>\n<p><img decoding=\"async\" class=\"alignnone wp-image-33997 lazyload\" data-src=\"https:\/\/ecosdelsur.com\/wp-content\/uploads\/2025\/08\/WhatsApp_Image_2025-08-13_at_10.59.13_1-1024x768.jpeg\" alt=\"\" width=\"334\" height=\"250\" data-srcset=\"https:\/\/ecosdelsur.com\/wp-content\/uploads\/2025\/08\/WhatsApp_Image_2025-08-13_at_10.59.13_1-scaled.jpeg 1024w, https:\/\/ecosdelsur.com\/wp-content\/uploads\/2025\/08\/WhatsApp_Image_2025-08-13_at_10.59.13_1-300x225.jpeg 300w, https:\/\/ecosdelsur.com\/wp-content\/uploads\/2025\/08\/WhatsApp_Image_2025-08-13_at_10.59.13_1-768x576.jpeg 768w\" data-sizes=\"(max-width: 334px) 100vw, 334px\" src=\"data:image\/svg+xml;base64,PHN2ZyB3aWR0aD0iMSIgaGVpZ2h0PSIxIiB4bWxucz0iaHR0cDovL3d3dy53My5vcmcvMjAwMC9zdmciPjwvc3ZnPg==\" style=\"--smush-placeholder-width: 334px; --smush-placeholder-aspect-ratio: 334\/250;\" \/>\u00a0 \u00a0 <img decoding=\"async\" class=\"alignnone wp-image-33996 lazyload\" data-src=\"https:\/\/ecosdelsur.com\/wp-content\/uploads\/2025\/08\/WhatsApp_Image_2025-08-13_at_10.59.14-1024x768.jpeg\" alt=\"\" width=\"333\" height=\"250\" data-srcset=\"https:\/\/ecosdelsur.com\/wp-content\/uploads\/2025\/08\/WhatsApp_Image_2025-08-13_at_10.59.14-scaled.jpeg 1024w, https:\/\/ecosdelsur.com\/wp-content\/uploads\/2025\/08\/WhatsApp_Image_2025-08-13_at_10.59.14-300x225.jpeg 300w, https:\/\/ecosdelsur.com\/wp-content\/uploads\/2025\/08\/WhatsApp_Image_2025-08-13_at_10.59.14-768x576.jpeg 768w\" data-sizes=\"(max-width: 333px) 100vw, 333px\" src=\"data:image\/svg+xml;base64,PHN2ZyB3aWR0aD0iMSIgaGVpZ2h0PSIxIiB4bWxucz0iaHR0cDovL3d3dy53My5vcmcvMjAwMC9zdmciPjwvc3ZnPg==\" style=\"--smush-placeholder-width: 333px; --smush-placeholder-aspect-ratio: 333\/250;\" \/><\/p>\n<p>&nbsp;<\/p>\n<p>(Fuente: Gobierno de Santa Cruz)<\/p>\n","protected":false},"excerpt":{"rendered":"<p>Mi\u00e9rcoles, 13 Agosto 2025 El Gobierno de Santa Cruz acompa\u00f1\u00f3, a trav\u00e9s del jefe de Gabinete, Daniel \u00c1lvarez, la ministra<\/p>\n","protected":false},"author":8,"featured_media":33989,"comment_status":"closed","ping_status":"closed","sticky":false,"template":"","format":"standard","meta":{"footnotes":""},"categories":[1094],"tags":[],"class_list":["post-33988","post","type-post","status-publish","format-standard","has-post-thumbnail","hentry","category-gobierno"],"_links":{"self":[{"href":"https:\/\/ecosdelsur.com\/index.php?rest_route=\/wp\/v2\/posts\/33988","targetHints":{"allow":["GET"]}}],"collection":[{"href":"https:\/\/ecosdelsur.com\/index.php?rest_route=\/wp\/v2\/posts"}],"about":[{"href":"https:\/\/ecosdelsur.com\/index.php?rest_route=\/wp\/v2\/types\/post"}],"author":[{"embeddable":true,"href":"https:\/\/ecosdelsur.com\/index.php?rest_route=\/wp\/v2\/users\/8"}],"replies":[{"embeddable":true,"href":"https:\/\/ecosdelsur.com\/index.php?rest_route=%2Fwp%2Fv2%2Fcomments&post=33988"}],"version-history":[{"count":0,"href":"https:\/\/ecosdelsur.com\/index.php?rest_route=\/wp\/v2\/posts\/33988\/revisions"}],"wp:featuredmedia":[{"embeddable":true,"href":"https:\/\/ecosdelsur.com\/index.php?rest_route=\/wp\/v2\/media\/33989"}],"wp:attachment":[{"href":"https:\/\/ecosdelsur.com\/index.php?rest_route=%2Fwp%2Fv2%2Fmedia&parent=33988"}],"wp:term":[{"taxonomy":"category","embeddable":true,"href":"https:\/\/ecosdelsur.com\/index.php?rest_route=%2Fwp%2Fv2%2Fcategories&post=33988"},{"taxonomy":"post_tag","embeddable":true,"href":"https:\/\/ecosdelsur.com\/index.php?rest_route=%2Fwp%2Fv2%2Ftags&post=33988"}],"curies":[{"name":"wp","href":"https:\/\/api.w.org\/{rel}","templated":true}]}}