{"id":33964,"date":"2025-08-13T14:15:21","date_gmt":"2025-08-13T14:15:21","guid":{"rendered":"https:\/\/ecosdelsur.com\/?p=33964"},"modified":"2025-08-13T14:30:23","modified_gmt":"2025-08-13T14:30:23","slug":"servicios-publicos-mejora-el-servicio-de-agua-y-saneamiento-en-distintas-localidades-de-la-provincia","status":"publish","type":"post","link":"https:\/\/ecosdelsur.com\/?p=33964","title":{"rendered":"Servicios P\u00fablicos mejora el servicio de agua y saneamiento en distintas localidades de la provincia"},"content":{"rendered":"<p><span class=\"itemDateCreated\" style=\"color: #ff0000;\">Mi\u00e9rcoles, 13 Agosto 2025 &#8211; <\/span>La Gerencia Provincial de Agua y Saneamiento, dependiente de Servicios P\u00fablicos Sociedad del Estado, est\u00e1 llevando a cabo diversas tareas de mantenimiento y mejora del servicio en distintas localidades, con el objetivo de garantizar el acceso al agua y optimizar las condiciones sanitarias de la poblaci\u00f3n.<\/p>\n<div class=\"itemFullText\">\u00a0 \u00a0<img decoding=\"async\" class=\"wp-image-33965 aligncenter lazyload\" data-src=\"https:\/\/ecosdelsur.com\/wp-content\/uploads\/2025\/08\/74349117e980adc94a30ed1d428cf64e_XL.jpg\" alt=\"\" width=\"787\" height=\"573\" data-srcset=\"https:\/\/ecosdelsur.com\/wp-content\/uploads\/2025\/08\/74349117e980adc94a30ed1d428cf64e_XL.jpg 900w, https:\/\/ecosdelsur.com\/wp-content\/uploads\/2025\/08\/74349117e980adc94a30ed1d428cf64e_XL-300x218.jpg 300w, https:\/\/ecosdelsur.com\/wp-content\/uploads\/2025\/08\/74349117e980adc94a30ed1d428cf64e_XL-768x559.jpg 768w\" data-sizes=\"(max-width: 787px) 100vw, 787px\" src=\"data:image\/svg+xml;base64,PHN2ZyB3aWR0aD0iMSIgaGVpZ2h0PSIxIiB4bWxucz0iaHR0cDovL3d3dy53My5vcmcvMjAwMC9zdmciPjwvc3ZnPg==\" style=\"--smush-placeholder-width: 787px; --smush-placeholder-aspect-ratio: 787\/573;\" \/><\/div>\n<div><\/div>\n<div>\n<p>En este marco, en Puerto San Juli\u00e1n, se realizaron trabajos de reparaci\u00f3n de ca\u00f1er\u00edas, en distintos sectores de la localidad. Estas tareas se desarrollaron en coordinaci\u00f3n con el personal operativo del distrito de Puerto Santa Cruz, que colabor\u00f3 con el env\u00edo de un martillo neum\u00e1tico y su maquinista, quienes trabajaron junto al equipo local de Saneamiento.<\/p>\n<p>&nbsp;<\/p>\n<p>&nbsp;<\/p>\n<\/div>\n<p><img decoding=\"async\" class=\"alignnone wp-image-33968 lazyload\" data-src=\"https:\/\/ecosdelsur.com\/wp-content\/uploads\/2025\/08\/snm.jpg\" alt=\"\" width=\"348\" height=\"356\" data-srcset=\"https:\/\/ecosdelsur.com\/wp-content\/uploads\/2025\/08\/snm.jpg 720w, https:\/\/ecosdelsur.com\/wp-content\/uploads\/2025\/08\/snm-293x300.jpg 293w\" data-sizes=\"(max-width: 348px) 100vw, 348px\" src=\"data:image\/svg+xml;base64,PHN2ZyB3aWR0aD0iMSIgaGVpZ2h0PSIxIiB4bWxucz0iaHR0cDovL3d3dy53My5vcmcvMjAwMC9zdmciPjwvc3ZnPg==\" style=\"--smush-placeholder-width: 348px; --smush-placeholder-aspect-ratio: 348\/356;\" \/>\u00a0 \u00a0 <img decoding=\"async\" class=\"alignnone wp-image-33969 lazyload\" data-src=\"https:\/\/ecosdelsur.com\/wp-content\/uploads\/2025\/08\/admin-ajax-2.jpg\" alt=\"\" width=\"211\" height=\"357\" data-srcset=\"https:\/\/ecosdelsur.com\/wp-content\/uploads\/2025\/08\/admin-ajax-2.jpg 355w, https:\/\/ecosdelsur.com\/wp-content\/uploads\/2025\/08\/admin-ajax-2-178x300.jpg 178w\" data-sizes=\"(max-width: 211px) 100vw, 211px\" src=\"data:image\/svg+xml;base64,PHN2ZyB3aWR0aD0iMSIgaGVpZ2h0PSIxIiB4bWxucz0iaHR0cDovL3d3dy53My5vcmcvMjAwMC9zdmciPjwvc3ZnPg==\" style=\"--smush-placeholder-width: 211px; --smush-placeholder-aspect-ratio: 211\/357;\" \/><\/p>\n<p>Mientras que, en Puerto Santa Cruz, la municipalidad colabor\u00f3 con la limpieza y despeje del camino de acceso a la planta potabilizadora, abarcando una extensi\u00f3n de 18 kil\u00f3metros. Esta acci\u00f3n mejora las condiciones de transitabilidad, facilitando el ingreso del personal operativo al sector. Adem\u00e1s, se realiz\u00f3 el recambio del manguerote de succi\u00f3n, del cami\u00f3n desobstructor, una herramienta fundamental para el mantenimiento del sistema en diversos distritos.<\/p>\n<p><img decoding=\"async\" class=\"alignnone wp-image-33966 lazyload\" data-src=\"https:\/\/ecosdelsur.com\/wp-content\/uploads\/2025\/08\/snm_3-576x1024.jpg\" alt=\"\" width=\"201\" height=\"358\" data-srcset=\"https:\/\/ecosdelsur.com\/wp-content\/uploads\/2025\/08\/snm_3-scaled.jpg 576w, https:\/\/ecosdelsur.com\/wp-content\/uploads\/2025\/08\/snm_3-169x300.jpg 169w\" data-sizes=\"(max-width: 201px) 100vw, 201px\" src=\"data:image\/svg+xml;base64,PHN2ZyB3aWR0aD0iMSIgaGVpZ2h0PSIxIiB4bWxucz0iaHR0cDovL3d3dy53My5vcmcvMjAwMC9zdmciPjwvc3ZnPg==\" style=\"--smush-placeholder-width: 201px; --smush-placeholder-aspect-ratio: 201\/358;\" \/>\u00a0 \u00a0 <img decoding=\"async\" class=\"alignnone wp-image-33965 lazyload\" data-src=\"https:\/\/ecosdelsur.com\/wp-content\/uploads\/2025\/08\/74349117e980adc94a30ed1d428cf64e_XL.jpg\" alt=\"\" width=\"489\" height=\"356\" data-srcset=\"https:\/\/ecosdelsur.com\/wp-content\/uploads\/2025\/08\/74349117e980adc94a30ed1d428cf64e_XL.jpg 900w, https:\/\/ecosdelsur.com\/wp-content\/uploads\/2025\/08\/74349117e980adc94a30ed1d428cf64e_XL-300x218.jpg 300w, https:\/\/ecosdelsur.com\/wp-content\/uploads\/2025\/08\/74349117e980adc94a30ed1d428cf64e_XL-768x559.jpg 768w\" data-sizes=\"(max-width: 489px) 100vw, 489px\" src=\"data:image\/svg+xml;base64,PHN2ZyB3aWR0aD0iMSIgaGVpZ2h0PSIxIiB4bWxucz0iaHR0cDovL3d3dy53My5vcmcvMjAwMC9zdmciPjwvc3ZnPg==\" style=\"--smush-placeholder-width: 489px; --smush-placeholder-aspect-ratio: 489\/356;\" \/><\/p>\n<div>\n<p>&nbsp;<\/p>\n<p>Por su parte, en Caleta Olivia, la Gerencia Provincial de Agua y Saneamiento, a trav\u00e9s del laboratorio de Zona Norte y la Gerencia Distrital, contin\u00faa con los controles de calidad del agua, mediante an\u00e1lisis f\u00edsico-qu\u00edmicos y bacteriol\u00f3gicos. Estos procedimientos permiten asegurar que el agua transportada por camiones cisterna, destinada a establecimientos educativos y domicilios particulares, cumpla con los est\u00e1ndares requeridos.<\/p>\n<p>Vale sostener que, estas acciones reflejan el compromiso sostenido del Gobierno Provincial en la optimizaci\u00f3n continua de los servicios esenciales.<\/p>\n<p>(Fuente: Gobierno de Santa Cruz)<\/p>\n<p>&nbsp;<\/p>\n<\/div>\n","protected":false},"excerpt":{"rendered":"<p>Mi\u00e9rcoles, 13 Agosto 2025 &#8211; La Gerencia Provincial de Agua y Saneamiento, dependiente de Servicios P\u00fablicos Sociedad del Estado, est\u00e1<\/p>\n","protected":false},"author":8,"featured_media":33965,"comment_status":"closed","ping_status":"closed","sticky":false,"template":"","format":"standard","meta":{"footnotes":""},"categories":[1111],"tags":[],"class_list":["post-33964","post","type-post","status-publish","format-standard","has-post-thumbnail","hentry","category-servicios-publicos"],"_links":{"self":[{"href":"https:\/\/ecosdelsur.com\/index.php?rest_route=\/wp\/v2\/posts\/33964","targetHints":{"allow":["GET"]}}],"collection":[{"href":"https:\/\/ecosdelsur.com\/index.php?rest_route=\/wp\/v2\/posts"}],"about":[{"href":"https:\/\/ecosdelsur.com\/index.php?rest_route=\/wp\/v2\/types\/post"}],"author":[{"embeddable":true,"href":"https:\/\/ecosdelsur.com\/index.php?rest_route=\/wp\/v2\/users\/8"}],"replies":[{"embeddable":true,"href":"https:\/\/ecosdelsur.com\/index.php?rest_route=%2Fwp%2Fv2%2Fcomments&post=33964"}],"version-history":[{"count":0,"href":"https:\/\/ecosdelsur.com\/index.php?rest_route=\/wp\/v2\/posts\/33964\/revisions"}],"wp:featuredmedia":[{"embeddable":true,"href":"https:\/\/ecosdelsur.com\/index.php?rest_route=\/wp\/v2\/media\/33965"}],"wp:attachment":[{"href":"https:\/\/ecosdelsur.com\/index.php?rest_route=%2Fwp%2Fv2%2Fmedia&parent=33964"}],"wp:term":[{"taxonomy":"category","embeddable":true,"href":"https:\/\/ecosdelsur.com\/index.php?rest_route=%2Fwp%2Fv2%2Fcategories&post=33964"},{"taxonomy":"post_tag","embeddable":true,"href":"https:\/\/ecosdelsur.com\/index.php?rest_route=%2Fwp%2Fv2%2Ftags&post=33964"}],"curies":[{"name":"wp","href":"https:\/\/api.w.org\/{rel}","templated":true}]}}