{"id":33961,"date":"2025-08-13T14:02:37","date_gmt":"2025-08-13T14:02:37","guid":{"rendered":"https:\/\/ecosdelsur.com\/?p=33961"},"modified":"2025-08-13T14:02:37","modified_gmt":"2025-08-13T14:02:37","slug":"vialidad-brinda-practicas-profesionalizantes-con-formacion-en-topografia-para-estudiantes-de-la-eipe-rg","status":"publish","type":"post","link":"https:\/\/ecosdelsur.com\/?p=33961","title":{"rendered":"Vialidad brinda pr\u00e1cticas profesionalizantes con formaci\u00f3n en topograf\u00eda para estudiantes de la EIPE-RG"},"content":{"rendered":"<div class=\"itemToolbar2\">\n<p><span class=\"itemDateCreated\" style=\"color: #ff0000;\">Mi\u00e9rcoles, 13 Agosto 2025 &#8211; <\/span>La Administraci\u00f3n General de Vialidad Provincial (AGVP) de Santa Cruz contin\u00faa fortaleciendo la formaci\u00f3n t\u00e9cnica de los alumnos de la Escuela Industrial en Procesos Energ\u00e9ticos de R\u00edo Gallegos (EIPE-RG), mediante el desarrollo de pr\u00e1cticas profesionalizantes junto a los especialistas del organismo.<\/p>\n<\/div>\n<div class=\"itemToolbar\">\n<div class=\"itemFullText\"><img decoding=\"async\" class=\"alignnone size-full wp-image-33962 lazyload\" data-src=\"https:\/\/ecosdelsur.com\/wp-content\/uploads\/2025\/08\/e7286bf91176b701e0074d43f22140c3_XL.jpg\" alt=\"\" width=\"900\" height=\"600\" data-srcset=\"https:\/\/ecosdelsur.com\/wp-content\/uploads\/2025\/08\/e7286bf91176b701e0074d43f22140c3_XL.jpg 900w, https:\/\/ecosdelsur.com\/wp-content\/uploads\/2025\/08\/e7286bf91176b701e0074d43f22140c3_XL-300x200.jpg 300w, https:\/\/ecosdelsur.com\/wp-content\/uploads\/2025\/08\/e7286bf91176b701e0074d43f22140c3_XL-768x512.jpg 768w\" data-sizes=\"(max-width: 900px) 100vw, 900px\" src=\"data:image\/svg+xml;base64,PHN2ZyB3aWR0aD0iMSIgaGVpZ2h0PSIxIiB4bWxucz0iaHR0cDovL3d3dy53My5vcmcvMjAwMC9zdmciPjwvc3ZnPg==\" style=\"--smush-placeholder-width: 900px; --smush-placeholder-aspect-ratio: 900\/600;\" \/><\/div>\n<\/div>\n<div><\/div>\n<div>\n<div class=\"not_texto col-xs-12 col-sm-12 col-lg-7\">\n<div class=\"itemFullText\">\n<p>En la jornada de ayer, el t\u00e9cnico top\u00f3grafo Luis Francisco Barr\u00eda present\u00f3 a los estudiantes el instrumento de medici\u00f3n GPS (Sistema de Posicionamiento Global), explicando sus partes, proyecciones, datum, fajas, tipos de medici\u00f3n y su correcto uso en trabajos de campo.<\/p>\n<p>Tras la instancia te\u00f3rica, el grupo se traslad\u00f3 a la obra del Borde Costero, donde aplicaron los conocimientos adquiridos realizando relevamientos para verificar el avance de los trabajos.<\/p>\n<p>Estas pr\u00e1cticas permiten a los futuros t\u00e9cnicos adquirir experiencia directa en el manejo de equipos de alta precisi\u00f3n, bajo la gu\u00eda de ingenieros y otros profesionales de Vialidad Provincial, favoreciendo su preparaci\u00f3n para el \u00e1mbito laboral.<\/p>\n<p>Vale mencionar que, las pr\u00e1cticas profesionalizantes en la AGVP contemplan la formaci\u00f3n en topograf\u00eda para estudiantes, en esta oportunidad para la EIPE-RG Mary S\u00e1nchez, Secundario T\u00e9cnico, y est\u00e1 a cargo del t\u00e9cnico top\u00f3grafo Luis Francisco Barr\u00eda, quien present\u00f3 a los estudiantes el instrumento de medici\u00f3n GPS, explicando sus partes, proyecciones, datum, fajas, tipos de medici\u00f3n y su correcto uso en trabajos de campo.<\/p>\n<\/div>\n<div class=\"clr\"><\/div>\n<div class=\"clr\">(Fuente: Gobierno de Santa Cruz)<\/div>\n<\/div>\n<\/div>\n","protected":false},"excerpt":{"rendered":"<p>Mi\u00e9rcoles, 13 Agosto 2025 &#8211; La Administraci\u00f3n General de Vialidad Provincial (AGVP) de Santa Cruz contin\u00faa fortaleciendo la formaci\u00f3n t\u00e9cnica<\/p>\n","protected":false},"author":8,"featured_media":33962,"comment_status":"closed","ping_status":"closed","sticky":false,"template":"","format":"standard","meta":{"footnotes":""},"categories":[1173],"tags":[1175,1174,1178,1177,1176],"class_list":["post-33961","post","type-post","status-publish","format-standard","has-post-thumbnail","hentry","category-vialidad-provincial","tag-agvp","tag-eipe-rg","tag-luis-francisco-barria","tag-practicas","tag-topografia"],"_links":{"self":[{"href":"https:\/\/ecosdelsur.com\/index.php?rest_route=\/wp\/v2\/posts\/33961","targetHints":{"allow":["GET"]}}],"collection":[{"href":"https:\/\/ecosdelsur.com\/index.php?rest_route=\/wp\/v2\/posts"}],"about":[{"href":"https:\/\/ecosdelsur.com\/index.php?rest_route=\/wp\/v2\/types\/post"}],"author":[{"embeddable":true,"href":"https:\/\/ecosdelsur.com\/index.php?rest_route=\/wp\/v2\/users\/8"}],"replies":[{"embeddable":true,"href":"https:\/\/ecosdelsur.com\/index.php?rest_route=%2Fwp%2Fv2%2Fcomments&post=33961"}],"version-history":[{"count":0,"href":"https:\/\/ecosdelsur.com\/index.php?rest_route=\/wp\/v2\/posts\/33961\/revisions"}],"wp:featuredmedia":[{"embeddable":true,"href":"https:\/\/ecosdelsur.com\/index.php?rest_route=\/wp\/v2\/media\/33962"}],"wp:attachment":[{"href":"https:\/\/ecosdelsur.com\/index.php?rest_route=%2Fwp%2Fv2%2Fmedia&parent=33961"}],"wp:term":[{"taxonomy":"category","embeddable":true,"href":"https:\/\/ecosdelsur.com\/index.php?rest_route=%2Fwp%2Fv2%2Fcategories&post=33961"},{"taxonomy":"post_tag","embeddable":true,"href":"https:\/\/ecosdelsur.com\/index.php?rest_route=%2Fwp%2Fv2%2Ftags&post=33961"}],"curies":[{"name":"wp","href":"https:\/\/api.w.org\/{rel}","templated":true}]}}