{"id":33819,"date":"2025-08-11T13:38:07","date_gmt":"2025-08-11T13:38:07","guid":{"rendered":"https:\/\/ecosdelsur.com\/?p=33819"},"modified":"2025-08-11T14:21:50","modified_gmt":"2025-08-11T14:21:50","slug":"el-gobierno-provincial-destaco-el-rol-de-la-fuerza-aerea-en-el-acto-por-su-113-aniversario","status":"publish","type":"post","link":"https:\/\/ecosdelsur.com\/?p=33819","title":{"rendered":"El Gobierno Provincial destac\u00f3 el rol de la Fuerza A\u00e9rea en el acto por su 113\u00b0 Aniversario"},"content":{"rendered":"<div class=\"itemToolbar2\">\n<p><span class=\"itemDateCreated\" style=\"color: #ff0000;\">Domingo, 10 Agosto 2025 &#8211; <\/span><span class=\"TextRun SCXW203160727 BCX8\" lang=\"ES-ES\" xml:lang=\"ES-ES\" data-contrast=\"auto\"><span class=\"NormalTextRun SCXW203160727 BCX8\">En el marco del 113\u00b0 Aniversario de la Fuerza A\u00e9rea Argentina, la Base A\u00e9rea de R\u00edo Gallegos se visti\u00f3 de gala para conmemorar esta importante fecha. La ceremonia cont\u00f3 con la presencia del jefe de Gabinete de Ministros, Daniel \u00c1lvarez, quien fue recibido por el<\/span><\/span><span class=\"TextRun SCXW203160727 BCX8\" lang=\"ES-ES\" xml:lang=\"ES-ES\" data-contrast=\"none\"><span class=\"NormalTextRun SCXW203160727 BCX8\">\u00a0jefe de la X Brigada A\u00e9rea, Comodoro Javier\u00a0<\/span><span class=\"NormalTextRun SpellingErrorV2Themed SCXW203160727 BCX8\">Chiappai,\u00a0<\/span><\/span><span class=\"TextRun SCXW203160727 BCX8\" lang=\"ES-ES\" xml:lang=\"ES-ES\" data-contrast=\"auto\"><span class=\"NormalTextRun SCXW203160727 BCX8\">autoridades del municipio, fuerzas armadas y de seguridad, veteranos de guerra y diversos estamentos sociales.<\/span><\/span><span class=\"EOP SCXW203160727 BCX8\" data-ccp-props=\"{&quot;134233117&quot;:false,&quot;134233118&quot;:false,&quot;335551550&quot;:6,&quot;335551620&quot;:6,&quot;335559738&quot;:240,&quot;335559739&quot;:240}\">\u00a0<\/span><\/p>\n<\/div>\n<div class=\"itemToolbar\">\n<div class=\"itemFullText\"><img decoding=\"async\" class=\"alignnone size-full wp-image-33820 lazyload\" data-src=\"https:\/\/ecosdelsur.com\/wp-content\/uploads\/2025\/08\/4135e3316a093cc2cd498c380d054d86_XL.jpg\" alt=\"\" width=\"900\" height=\"601\" data-srcset=\"https:\/\/ecosdelsur.com\/wp-content\/uploads\/2025\/08\/4135e3316a093cc2cd498c380d054d86_XL.jpg 900w, https:\/\/ecosdelsur.com\/wp-content\/uploads\/2025\/08\/4135e3316a093cc2cd498c380d054d86_XL-300x200.jpg 300w, https:\/\/ecosdelsur.com\/wp-content\/uploads\/2025\/08\/4135e3316a093cc2cd498c380d054d86_XL-768x513.jpg 768w\" data-sizes=\"(max-width: 900px) 100vw, 900px\" src=\"data:image\/svg+xml;base64,PHN2ZyB3aWR0aD0iMSIgaGVpZ2h0PSIxIiB4bWxucz0iaHR0cDovL3d3dy53My5vcmcvMjAwMC9zdmciPjwvc3ZnPg==\" style=\"--smush-placeholder-width: 900px; --smush-placeholder-aspect-ratio: 900\/601;\" \/><\/div>\n<\/div>\n<div>\n<p><span data-contrast=\"auto\">En ese contexto, el jefe de Gabinete de Ministros, Daniel \u00c1lvarez se refiri\u00f3 al significado de est\u00e1 importante fecha. &#8220;Nuestra Fuerza A\u00e9rea Argentina, sin dudas, es orgullo de todos nosotros como habitantes de este bendito suelo&#8221;, afirm\u00f3, subrayando el acompa\u00f1amiento del Gobierno Provincial a las autoridades y el personal de la Fuerza.<\/span><span data-ccp-props=\"{&quot;134233117&quot;:false,&quot;134233118&quot;:false,&quot;335551550&quot;:6,&quot;335551620&quot;:6,&quot;335559738&quot;:240,&quot;335559739&quot;:240}\">\u00a0<\/span><\/p>\n<p><b><span data-contrast=\"auto\">Un lazo hist\u00f3rico con la Patagonia<\/span><\/b><span data-ccp-props=\"{&quot;134233117&quot;:false,&quot;134233118&quot;:false,&quot;335551550&quot;:6,&quot;335551620&quot;:6,&quot;335559738&quot;:240,&quot;335559739&quot;:240}\">\u00a0<\/span><\/p>\n<p><span data-contrast=\"auto\">El funcionario hizo hincapi\u00e9 en la profunda conexi\u00f3n hist\u00f3rica entre la Fuerza A\u00e9rea y el sur de la Argentina. &#8220;La Patagonia sur tuvo en su crecimiento mucho que ver en la presencia de las fuerzas de seguridad y de defensa del Estado Nacional&#8221;, sostuvo. Adem\u00e1s valor\u00f3 la importancia de estas instituciones en el desarrollo de la regi\u00f3n.<\/span><span data-ccp-props=\"{&quot;134233117&quot;:false,&quot;134233118&quot;:false,&quot;335551550&quot;:6,&quot;335551620&quot;:6,&quot;335559738&quot;:240,&quot;335559739&quot;:240}\">\u00a0<\/span><\/p>\n<p><span data-contrast=\"auto\">M\u00e1s adelante, el Jefe de Gabinete dedic\u00f3 un momento especial a recordar el rol de la Fuerza A\u00e9rea durante el\u00a0<\/span><span data-contrast=\"auto\">Conflicto del Atl\u00e1ntico Sur en 1982<\/span><span data-contrast=\"auto\">. &#8220;En la etapa quiz\u00e1s m\u00e1s triste de nuestra historia, pero tambi\u00e9n de la que m\u00e1s orgullo nos llena&#8221;, la Fuerza A\u00e9rea se destac\u00f3 por su &#8220;profesionalismo y con mucho valor&#8221;, enfrentando a un enemigo con &#8220;la fuerza b\u00e9lica m\u00e1s potente dentro del grupo de la OTAN\u00a0<\/span><span data-contrast=\"auto\">(Organizaci\u00f3n del Tratado del Atl\u00e1ntico Norte)\u00a0<\/span><span data-contrast=\"auto\">&#8220;.<\/span><span data-ccp-props=\"{&quot;134233117&quot;:false,&quot;134233118&quot;:false,&quot;335551550&quot;:6,&quot;335551620&quot;:6,&quot;335559738&quot;:240,&quot;335559739&quot;:240}\">\u00a0<\/span><\/p>\n<p><span data-contrast=\"auto\">Finalmente, \u00c1lvarez subray\u00f3 que el desempe\u00f1o de los aviadores argentinos en ese conflicto fue &#8220;c\u00e1tedra a nivel mundial&#8221;, y que ese orgullo perdura hasta el d\u00eda de hoy. Por esta raz\u00f3n, consider\u00f3 crucial la conmemoraci\u00f3n de la fecha y el apoyo de &#8220;todos los sectores representativos de la sociedad&#8221;.<\/span><span data-ccp-props=\"{&quot;134233117&quot;:false,&quot;134233118&quot;:false,&quot;335551550&quot;:6,&quot;335551620&quot;:6,&quot;335559738&quot;:240,&quot;335559739&quot;:240}\">\u00a0<\/span><\/p>\n<p><span data-contrast=\"auto\">El acto c\u00edvico tuvo como prop\u00f3sito, reforzar los lazos de la comunidad con las fuerzas armadas, reafirmando el compromiso de la provincia con una de las instituciones m\u00e1s respetadas de la Naci\u00f3n.<\/span><\/p>\n<p>(Fuente: Gobierno de Santa Cruz)<\/p>\n<\/div>\n","protected":false},"excerpt":{"rendered":"<p>Domingo, 10 Agosto 2025 &#8211; En el marco del 113\u00b0 Aniversario de la Fuerza A\u00e9rea Argentina, la Base A\u00e9rea de<\/p>\n","protected":false},"author":8,"featured_media":33820,"comment_status":"closed","ping_status":"closed","sticky":false,"template":"","format":"standard","meta":{"footnotes":""},"categories":[1094],"tags":[],"class_list":["post-33819","post","type-post","status-publish","format-standard","has-post-thumbnail","hentry","category-gobierno"],"_links":{"self":[{"href":"https:\/\/ecosdelsur.com\/index.php?rest_route=\/wp\/v2\/posts\/33819","targetHints":{"allow":["GET"]}}],"collection":[{"href":"https:\/\/ecosdelsur.com\/index.php?rest_route=\/wp\/v2\/posts"}],"about":[{"href":"https:\/\/ecosdelsur.com\/index.php?rest_route=\/wp\/v2\/types\/post"}],"author":[{"embeddable":true,"href":"https:\/\/ecosdelsur.com\/index.php?rest_route=\/wp\/v2\/users\/8"}],"replies":[{"embeddable":true,"href":"https:\/\/ecosdelsur.com\/index.php?rest_route=%2Fwp%2Fv2%2Fcomments&post=33819"}],"version-history":[{"count":0,"href":"https:\/\/ecosdelsur.com\/index.php?rest_route=\/wp\/v2\/posts\/33819\/revisions"}],"wp:featuredmedia":[{"embeddable":true,"href":"https:\/\/ecosdelsur.com\/index.php?rest_route=\/wp\/v2\/media\/33820"}],"wp:attachment":[{"href":"https:\/\/ecosdelsur.com\/index.php?rest_route=%2Fwp%2Fv2%2Fmedia&parent=33819"}],"wp:term":[{"taxonomy":"category","embeddable":true,"href":"https:\/\/ecosdelsur.com\/index.php?rest_route=%2Fwp%2Fv2%2Fcategories&post=33819"},{"taxonomy":"post_tag","embeddable":true,"href":"https:\/\/ecosdelsur.com\/index.php?rest_route=%2Fwp%2Fv2%2Ftags&post=33819"}],"curies":[{"name":"wp","href":"https:\/\/api.w.org\/{rel}","templated":true}]}}