{"id":33811,"date":"2025-08-11T03:50:02","date_gmt":"2025-08-11T03:50:02","guid":{"rendered":"https:\/\/ecosdelsur.com\/?p=33811"},"modified":"2025-08-11T04:18:33","modified_gmt":"2025-08-11T04:18:33","slug":"festejo-del-mes-de-las-infancias-en-el-alto-del-bicentenario","status":"publish","type":"post","link":"https:\/\/ecosdelsur.com\/?p=33811","title":{"rendered":"Festejo del Mes de las Infancias en el Alto del Bicentenario"},"content":{"rendered":"<header class=\"entry-header\"><span class=\"posted-on\" style=\"color: #ff0000;\">10 de agosto de 2025 &#8211; <\/span><span style=\"font-size: 16px;\">El domingo por la tarde, el merendero 11 de Noviembre del Rotary 23, junto a la Secretar\u00eda de Estrategia y Gesti\u00f3n Operativa del municipio, llev\u00f3 adelante una celebraci\u00f3n por el D\u00eda de las Infancias en el asentamiento del Alto del Bicentenario, uno de los barrios m\u00e1s recientes y alejados de Caleta Olivia.<img decoding=\"async\" class=\"size-full wp-image-33813 aligncenter lazyload\" data-src=\"https:\/\/ecosdelsur.com\/wp-content\/uploads\/2025\/08\/bi1.jpg\" alt=\"\" width=\"804\" height=\"504\" data-srcset=\"https:\/\/ecosdelsur.com\/wp-content\/uploads\/2025\/08\/bi1.jpg 804w, https:\/\/ecosdelsur.com\/wp-content\/uploads\/2025\/08\/bi1-300x188.jpg 300w, https:\/\/ecosdelsur.com\/wp-content\/uploads\/2025\/08\/bi1-768x481.jpg 768w\" data-sizes=\"(max-width: 804px) 100vw, 804px\" src=\"data:image\/svg+xml;base64,PHN2ZyB3aWR0aD0iMSIgaGVpZ2h0PSIxIiB4bWxucz0iaHR0cDovL3d3dy53My5vcmcvMjAwMC9zdmciPjwvc3ZnPg==\" style=\"--smush-placeholder-width: 804px; --smush-placeholder-aspect-ratio: 804\/504;\" \/><\/span><\/header>\n<div class=\"entry-content si-entry\">\n<figure class=\"wp-block-image size-large\"><\/figure>\n<p>La convocatoria comenz\u00f3 a las 14 horas e incluy\u00f3 juegos a cargo del profesor Dilio Carrizo, inflables y animadores con disfraces, en el predio donde se encuentra una cancha de f\u00fatbol. Tambi\u00e9n la jornada cont\u00f3 con la presencia de la senadora Natalia Gadano y de referentes municipales, adem\u00e1s de Bomberos Voluntarios, quienes velaron por la seguridad y llevaron su autobomba para mostrar parte de su labor.<\/p>\n<figure class=\"wp-block-image size-large\"><\/figure>\n<p>Priscila Jwanczyk, secretaria de Desarrollo Social del municipio, destac\u00f3: \u201cEstamos en el festejo del mes de las infancias ac\u00e1 con las familias que viven en el asentamiento, esto fue organizado a trav\u00e9s del merendero 11 de Noviembre, de la mano de Mar\u00eda Vidal, quien viene trabajando hace varios a\u00f1os con el barrio y nosotros siempre acompa\u00f1amos desde nuestro lugar\u201d.<\/p>\n<\/div>\n","protected":false},"excerpt":{"rendered":"<p>10 de agosto de 2025 &#8211; El domingo por la tarde, el merendero 11 de Noviembre del Rotary 23, junto<\/p>\n","protected":false},"author":8,"featured_media":33814,"comment_status":"closed","ping_status":"closed","sticky":false,"template":"","format":"standard","meta":{"footnotes":""},"categories":[40],"tags":[],"class_list":["post-33811","post","type-post","status-publish","format-standard","has-post-thumbnail","hentry","category-municipales"],"_links":{"self":[{"href":"https:\/\/ecosdelsur.com\/index.php?rest_route=\/wp\/v2\/posts\/33811","targetHints":{"allow":["GET"]}}],"collection":[{"href":"https:\/\/ecosdelsur.com\/index.php?rest_route=\/wp\/v2\/posts"}],"about":[{"href":"https:\/\/ecosdelsur.com\/index.php?rest_route=\/wp\/v2\/types\/post"}],"author":[{"embeddable":true,"href":"https:\/\/ecosdelsur.com\/index.php?rest_route=\/wp\/v2\/users\/8"}],"replies":[{"embeddable":true,"href":"https:\/\/ecosdelsur.com\/index.php?rest_route=%2Fwp%2Fv2%2Fcomments&post=33811"}],"version-history":[{"count":0,"href":"https:\/\/ecosdelsur.com\/index.php?rest_route=\/wp\/v2\/posts\/33811\/revisions"}],"wp:featuredmedia":[{"embeddable":true,"href":"https:\/\/ecosdelsur.com\/index.php?rest_route=\/wp\/v2\/media\/33814"}],"wp:attachment":[{"href":"https:\/\/ecosdelsur.com\/index.php?rest_route=%2Fwp%2Fv2%2Fmedia&parent=33811"}],"wp:term":[{"taxonomy":"category","embeddable":true,"href":"https:\/\/ecosdelsur.com\/index.php?rest_route=%2Fwp%2Fv2%2Fcategories&post=33811"},{"taxonomy":"post_tag","embeddable":true,"href":"https:\/\/ecosdelsur.com\/index.php?rest_route=%2Fwp%2Fv2%2Ftags&post=33811"}],"curies":[{"name":"wp","href":"https:\/\/api.w.org\/{rel}","templated":true}]}}