{"id":33807,"date":"2025-08-11T03:12:05","date_gmt":"2025-08-11T03:12:05","guid":{"rendered":"https:\/\/ecosdelsur.com\/?p=33807"},"modified":"2025-08-11T03:12:42","modified_gmt":"2025-08-11T03:12:42","slug":"tercera-edicion-del-taller-de-prevencion-en-electricidad-domiciliaria","status":"publish","type":"post","link":"https:\/\/ecosdelsur.com\/?p=33807","title":{"rendered":"Tercera edici\u00f3n del Taller de prevenci\u00f3n en electricidad domiciliaria"},"content":{"rendered":"<div class=\"itemToolbar2\">\n<p>\u00a0<span class=\"itemDateCreated\" style=\"color: #ff0000;\">S\u00e1bado, 09 Agosto 2025 &#8211; <\/span>Con amplia concurrencia de hombres y mujeres de distintas edades, este domingo se llev\u00f3 a cabo en la Uni\u00f3n Vecinal de Zona de Chacras la tercera edici\u00f3n del taller de Prevenci\u00f3n en Electricidad Domiciliaria, organizado por la Supervisi\u00f3n de Formaci\u00f3n Profesional de la Secretar\u00eda de Estrategia y Gesti\u00f3n Operativa municipal.<\/p>\n<\/div>\n<figure class=\"wp-block-image size-large\"><img decoding=\"async\" class=\"wp-image-14294 lazyload\" data-src=\"https:\/\/caletaolivia.gov.ar\/wp-content\/uploads\/2025\/08\/IMG-20250810-WA0069-1024x768.jpg\" data-sizes=\"(max-width: 1024px) 100vw, 1024px\" data-srcset=\"https:\/\/caletaolivia.gov.ar\/wp-content\/uploads\/2025\/08\/IMG-20250810-WA0069-1024x768.jpg 1024w, https:\/\/caletaolivia.gov.ar\/wp-content\/uploads\/2025\/08\/IMG-20250810-WA0069-300x225.jpg 300w, https:\/\/caletaolivia.gov.ar\/wp-content\/uploads\/2025\/08\/IMG-20250810-WA0069-768x576.jpg 768w, https:\/\/caletaolivia.gov.ar\/wp-content\/uploads\/2025\/08\/IMG-20250810-WA0069-1536x1152.jpg 1536w, https:\/\/caletaolivia.gov.ar\/wp-content\/uploads\/2025\/08\/IMG-20250810-WA0069.jpg 1600w\" alt=\"\" width=\"1024\" height=\"768\" src=\"data:image\/svg+xml;base64,PHN2ZyB3aWR0aD0iMSIgaGVpZ2h0PSIxIiB4bWxucz0iaHR0cDovL3d3dy53My5vcmcvMjAwMC9zdmciPjwvc3ZnPg==\" style=\"--smush-placeholder-width: 1024px; --smush-placeholder-aspect-ratio: 1024\/768;\" \/><\/figure>\n<p>Carlos Contreras, t\u00e9cnico electricista matriculado, explic\u00f3 que el objetivo del encuentro es: \u201cConcientizar a la gente de los peligros que conlleva la electricidad. Por ah\u00ed muchos no lo toman en cuenta, pero gran parte de los incendios, por ah\u00ed las muertes que pasan en los hogares, es por la electricidad\u201d.<\/p>\n<figure class=\"wp-block-image size-large\"><\/figure>\n<p>El capacitador coment\u00f3: \u201cPor suerte vino bastante gente, con ganas de aprender, con preguntas, consultas y ahora est\u00e1n haciendo sus tableros. El b\u00e1sico, que es: toma corriente, tecla y porta l\u00e1mpara\u201d. La propuesta tambi\u00e9n incluy\u00f3 una instancia te\u00f3rica, orientada a que los asistentes comprendan qu\u00e9 es la electricidad y cu\u00e1les son los riesgos en el \u00e1mbito dom\u00e9stico.<\/p>\n<figure class=\"wp-block-image size-large\"><img decoding=\"async\" class=\"wp-image-14289 lazyload\" data-src=\"https:\/\/caletaolivia.gov.ar\/wp-content\/uploads\/2025\/08\/IMG-20250810-WA0068-1024x768.jpg\" data-sizes=\"(max-width: 1024px) 100vw, 1024px\" data-srcset=\"https:\/\/caletaolivia.gov.ar\/wp-content\/uploads\/2025\/08\/IMG-20250810-WA0068-1024x768.jpg 1024w, https:\/\/caletaolivia.gov.ar\/wp-content\/uploads\/2025\/08\/IMG-20250810-WA0068-300x225.jpg 300w, https:\/\/caletaolivia.gov.ar\/wp-content\/uploads\/2025\/08\/IMG-20250810-WA0068-768x576.jpg 768w, https:\/\/caletaolivia.gov.ar\/wp-content\/uploads\/2025\/08\/IMG-20250810-WA0068-1536x1152.jpg 1536w, https:\/\/caletaolivia.gov.ar\/wp-content\/uploads\/2025\/08\/IMG-20250810-WA0068.jpg 1600w\" alt=\"\" width=\"1024\" height=\"768\" src=\"data:image\/svg+xml;base64,PHN2ZyB3aWR0aD0iMSIgaGVpZ2h0PSIxIiB4bWxucz0iaHR0cDovL3d3dy53My5vcmcvMjAwMC9zdmciPjwvc3ZnPg==\" style=\"--smush-placeholder-width: 1024px; --smush-placeholder-aspect-ratio: 1024\/768;\" \/><\/figure>\n<p>En cuanto a la continuidad, el t\u00e9cnico se\u00f1al\u00f3 que la intenci\u00f3n es recorrer todos los barrios, algo que depender\u00e1 de la organizaci\u00f3n de la Secretar\u00eda, y concluy\u00f3: \u201cLo ideal es pasar por toda Caleta\u201d.<\/p>\n","protected":false},"excerpt":{"rendered":"<p>\u00a0S\u00e1bado, 09 Agosto 2025 &#8211; Con amplia concurrencia de hombres y mujeres de distintas edades, este domingo se llev\u00f3 a<\/p>\n","protected":false},"author":8,"featured_media":33808,"comment_status":"closed","ping_status":"closed","sticky":false,"template":"","format":"standard","meta":{"footnotes":""},"categories":[1],"tags":[],"class_list":["post-33807","post","type-post","status-publish","format-standard","has-post-thumbnail","hentry","category-uncategorized"],"_links":{"self":[{"href":"https:\/\/ecosdelsur.com\/index.php?rest_route=\/wp\/v2\/posts\/33807","targetHints":{"allow":["GET"]}}],"collection":[{"href":"https:\/\/ecosdelsur.com\/index.php?rest_route=\/wp\/v2\/posts"}],"about":[{"href":"https:\/\/ecosdelsur.com\/index.php?rest_route=\/wp\/v2\/types\/post"}],"author":[{"embeddable":true,"href":"https:\/\/ecosdelsur.com\/index.php?rest_route=\/wp\/v2\/users\/8"}],"replies":[{"embeddable":true,"href":"https:\/\/ecosdelsur.com\/index.php?rest_route=%2Fwp%2Fv2%2Fcomments&post=33807"}],"version-history":[{"count":0,"href":"https:\/\/ecosdelsur.com\/index.php?rest_route=\/wp\/v2\/posts\/33807\/revisions"}],"wp:featuredmedia":[{"embeddable":true,"href":"https:\/\/ecosdelsur.com\/index.php?rest_route=\/wp\/v2\/media\/33808"}],"wp:attachment":[{"href":"https:\/\/ecosdelsur.com\/index.php?rest_route=%2Fwp%2Fv2%2Fmedia&parent=33807"}],"wp:term":[{"taxonomy":"category","embeddable":true,"href":"https:\/\/ecosdelsur.com\/index.php?rest_route=%2Fwp%2Fv2%2Fcategories&post=33807"},{"taxonomy":"post_tag","embeddable":true,"href":"https:\/\/ecosdelsur.com\/index.php?rest_route=%2Fwp%2Fv2%2Ftags&post=33807"}],"curies":[{"name":"wp","href":"https:\/\/api.w.org\/{rel}","templated":true}]}}