{"id":33792,"date":"2025-08-11T03:01:57","date_gmt":"2025-08-11T03:01:57","guid":{"rendered":"https:\/\/ecosdelsur.com\/?p=33792"},"modified":"2025-08-11T03:02:57","modified_gmt":"2025-08-11T03:02:57","slug":"caleta-olivia-organiza-el-torneo-regional-de-futsal-femenino-infantil","status":"publish","type":"post","link":"https:\/\/ecosdelsur.com\/?p=33792","title":{"rendered":"Caleta Olivia organiza el Torneo Regional de Futsal Femenino Infantil"},"content":{"rendered":"<div class=\"itemToolbar2\">\n<p><span style=\"color: #ff0000;\">\u00a0<span class=\"itemDateCreated\">S\u00e1bado, 09 Agosto 2025- <\/span><\/span>En el gimnasio Chichino Ib\u00e1\u00f1ez se realiz\u00f3 la apertura de la segunda edici\u00f3n del Torneo de Futsal Femenino Infantil, que convoc\u00f3 a delegaciones de escuelas municipales y privadas de distintos puntos de la provincia, incluida Comodoro Rivadavia.<img decoding=\"async\" class=\"alignnone size-full wp-image-33795 lazyload\" data-src=\"https:\/\/ecosdelsur.com\/wp-content\/uploads\/2025\/08\/DSC_8492.jpg\" alt=\"\" width=\"1024\" height=\"587\" data-srcset=\"https:\/\/ecosdelsur.com\/wp-content\/uploads\/2025\/08\/DSC_8492.jpg 1024w, https:\/\/ecosdelsur.com\/wp-content\/uploads\/2025\/08\/DSC_8492-300x172.jpg 300w, https:\/\/ecosdelsur.com\/wp-content\/uploads\/2025\/08\/DSC_8492-768x440.jpg 768w\" data-sizes=\"(max-width: 1024px) 100vw, 1024px\" src=\"data:image\/svg+xml;base64,PHN2ZyB3aWR0aD0iMSIgaGVpZ2h0PSIxIiB4bWxucz0iaHR0cDovL3d3dy53My5vcmcvMjAwMC9zdmciPjwvc3ZnPg==\" style=\"--smush-placeholder-width: 1024px; --smush-placeholder-aspect-ratio: 1024\/587;\" \/><\/p>\n<\/div>\n<figure class=\"wp-block-image size-large\"><\/figure>\n<p>El secretario de Cultura y Deportes, David Jones, inform\u00f3 que participaron alrededor de 120 jugadoras de diversas edades y categor\u00edas. Destac\u00f3 que el encuentro es fruto del trabajo conjunto entre la secretar\u00eda y la escuelita municipal: \u201cEs un reconocimiento tambi\u00e9n a nuestra escuelita el poder tener la segunda edici\u00f3n con m\u00e1s ni\u00f1as que se han incorporado, m\u00e1s categor\u00edas, y eso se agradece nuevamente al profesor Daniel Mercado por el trabajo que viene realizando durante todo este a\u00f1o\u201d.<img decoding=\"async\" class=\"alignnone size-full wp-image-33799 lazyload\" data-src=\"https:\/\/ecosdelsur.com\/wp-content\/uploads\/2025\/08\/DSC_8499.jpg\" alt=\"\" width=\"1024\" height=\"652\" data-srcset=\"https:\/\/ecosdelsur.com\/wp-content\/uploads\/2025\/08\/DSC_8499.jpg 1024w, https:\/\/ecosdelsur.com\/wp-content\/uploads\/2025\/08\/DSC_8499-300x191.jpg 300w, https:\/\/ecosdelsur.com\/wp-content\/uploads\/2025\/08\/DSC_8499-768x489.jpg 768w\" data-sizes=\"(max-width: 1024px) 100vw, 1024px\" src=\"data:image\/svg+xml;base64,PHN2ZyB3aWR0aD0iMSIgaGVpZ2h0PSIxIiB4bWxucz0iaHR0cDovL3d3dy53My5vcmcvMjAwMC9zdmciPjwvc3ZnPg==\" style=\"--smush-placeholder-width: 1024px; --smush-placeholder-aspect-ratio: 1024\/652;\" \/><\/p>\n<figure class=\"wp-block-image size-large\"><\/figure>\n<p>Jones subray\u00f3 el avance del f\u00fatbol femenino en la localidad: \u201cLo tenemos reflejado todos los fines de semana. Han salido jugadoras a nivel nacional que nos han representado. Ojal\u00e1 que ellas tambi\u00e9n tengan la suerte de representarnos a nivel nacional como varias jugadoras que han salido de la Liga de F\u00fatbol Femenino Armelinda Rojas\u201d<img decoding=\"async\" class=\"alignnone size-full wp-image-33798 lazyload\" data-src=\"https:\/\/ecosdelsur.com\/wp-content\/uploads\/2025\/08\/DSC_8498.jpg\" alt=\"\" width=\"1024\" height=\"635\" data-srcset=\"https:\/\/ecosdelsur.com\/wp-content\/uploads\/2025\/08\/DSC_8498.jpg 1024w, https:\/\/ecosdelsur.com\/wp-content\/uploads\/2025\/08\/DSC_8498-300x186.jpg 300w, https:\/\/ecosdelsur.com\/wp-content\/uploads\/2025\/08\/DSC_8498-768x476.jpg 768w\" data-sizes=\"(max-width: 1024px) 100vw, 1024px\" src=\"data:image\/svg+xml;base64,PHN2ZyB3aWR0aD0iMSIgaGVpZ2h0PSIxIiB4bWxucz0iaHR0cDovL3d3dy53My5vcmcvMjAwMC9zdmciPjwvc3ZnPg==\" style=\"--smush-placeholder-width: 1024px; --smush-placeholder-aspect-ratio: 1024\/635;\" \/><\/p>\n<p>Adem\u00e1s, agradeci\u00f3 a las familias y al equipo de la secretar\u00eda por la log\u00edstica: \u201cLes estamos dando la cena, el almuerzo, el desayuno y merienda a nuestras ni\u00f1as, eso es importante\u201d. <img decoding=\"async\" class=\"alignnone size-full wp-image-33804 lazyload\" data-src=\"https:\/\/ecosdelsur.com\/wp-content\/uploads\/2025\/08\/DSC_8506.jpg\" alt=\"\" width=\"1024\" height=\"626\" data-srcset=\"https:\/\/ecosdelsur.com\/wp-content\/uploads\/2025\/08\/DSC_8506.jpg 1024w, https:\/\/ecosdelsur.com\/wp-content\/uploads\/2025\/08\/DSC_8506-300x183.jpg 300w, https:\/\/ecosdelsur.com\/wp-content\/uploads\/2025\/08\/DSC_8506-768x470.jpg 768w\" data-sizes=\"(max-width: 1024px) 100vw, 1024px\" src=\"data:image\/svg+xml;base64,PHN2ZyB3aWR0aD0iMSIgaGVpZ2h0PSIxIiB4bWxucz0iaHR0cDovL3d3dy53My5vcmcvMjAwMC9zdmciPjwvc3ZnPg==\" style=\"--smush-placeholder-width: 1024px; --smush-placeholder-aspect-ratio: 1024\/626;\" \/>En cuanto a la jornada de cierre, anticip\u00f3: \u201cMa\u00f1ana va a haber una culminaci\u00f3n, todas van a tener un premio, un reconocimiento, va a haber sorpresas y la idea es que ellas se vayan felices y que el pr\u00f3ximo a\u00f1o podamos duplicar los equipos\u201d.<img decoding=\"async\" class=\"alignnone size-full wp-image-33800 lazyload\" data-src=\"https:\/\/ecosdelsur.com\/wp-content\/uploads\/2025\/08\/DSC_8500.jpg\" alt=\"\" width=\"1024\" height=\"620\" data-srcset=\"https:\/\/ecosdelsur.com\/wp-content\/uploads\/2025\/08\/DSC_8500.jpg 1024w, https:\/\/ecosdelsur.com\/wp-content\/uploads\/2025\/08\/DSC_8500-300x182.jpg 300w, https:\/\/ecosdelsur.com\/wp-content\/uploads\/2025\/08\/DSC_8500-768x465.jpg 768w\" data-sizes=\"(max-width: 1024px) 100vw, 1024px\" src=\"data:image\/svg+xml;base64,PHN2ZyB3aWR0aD0iMSIgaGVpZ2h0PSIxIiB4bWxucz0iaHR0cDovL3d3dy53My5vcmcvMjAwMC9zdmciPjwvc3ZnPg==\" style=\"--smush-placeholder-width: 1024px; --smush-placeholder-aspect-ratio: 1024\/620;\" \/><\/p>\n<p>&nbsp;<\/p>\n","protected":false},"excerpt":{"rendered":"<p>\u00a0S\u00e1bado, 09 Agosto 2025- En el gimnasio Chichino Ib\u00e1\u00f1ez se realiz\u00f3 la apertura de la segunda edici\u00f3n del Torneo de<\/p>\n","protected":false},"author":8,"featured_media":33793,"comment_status":"closed","ping_status":"closed","sticky":false,"template":"","format":"standard","meta":{"footnotes":""},"categories":[37],"tags":[],"class_list":["post-33792","post","type-post","status-publish","format-standard","has-post-thumbnail","hentry","category-deportes"],"_links":{"self":[{"href":"https:\/\/ecosdelsur.com\/index.php?rest_route=\/wp\/v2\/posts\/33792","targetHints":{"allow":["GET"]}}],"collection":[{"href":"https:\/\/ecosdelsur.com\/index.php?rest_route=\/wp\/v2\/posts"}],"about":[{"href":"https:\/\/ecosdelsur.com\/index.php?rest_route=\/wp\/v2\/types\/post"}],"author":[{"embeddable":true,"href":"https:\/\/ecosdelsur.com\/index.php?rest_route=\/wp\/v2\/users\/8"}],"replies":[{"embeddable":true,"href":"https:\/\/ecosdelsur.com\/index.php?rest_route=%2Fwp%2Fv2%2Fcomments&post=33792"}],"version-history":[{"count":0,"href":"https:\/\/ecosdelsur.com\/index.php?rest_route=\/wp\/v2\/posts\/33792\/revisions"}],"wp:featuredmedia":[{"embeddable":true,"href":"https:\/\/ecosdelsur.com\/index.php?rest_route=\/wp\/v2\/media\/33793"}],"wp:attachment":[{"href":"https:\/\/ecosdelsur.com\/index.php?rest_route=%2Fwp%2Fv2%2Fmedia&parent=33792"}],"wp:term":[{"taxonomy":"category","embeddable":true,"href":"https:\/\/ecosdelsur.com\/index.php?rest_route=%2Fwp%2Fv2%2Fcategories&post=33792"},{"taxonomy":"post_tag","embeddable":true,"href":"https:\/\/ecosdelsur.com\/index.php?rest_route=%2Fwp%2Fv2%2Ftags&post=33792"}],"curies":[{"name":"wp","href":"https:\/\/api.w.org\/{rel}","templated":true}]}}