{"id":33098,"date":"2025-07-24T00:35:19","date_gmt":"2025-07-24T00:35:19","guid":{"rendered":"https:\/\/ecosdelsur.com\/?p=33098"},"modified":"2025-07-24T13:34:29","modified_gmt":"2025-07-24T13:34:29","slug":"33098","status":"publish","type":"post","link":"https:\/\/ecosdelsur.com\/?p=33098","title":{"rendered":"Vidal visit\u00f3 Rafaela donde se construye la primera planta de alimento balanceado para Santa Cruz El gobernador de"},"content":{"rendered":"<div class=\"itemToolbar2\">\n<p><span class=\"itemDateCreated\" style=\"color: #ff0000;\">Mi\u00e9rcoles, 23 Julio 2025 &#8211;<\/span>El gobernador de Santa Cruz, Claudio Vidal, visit\u00f3 la ciudad de Rafaela, provincia de Santa Fe, para supervisar e interiorizarse de los avances en la fabricaci\u00f3n de la primera planta de alimento balanceado para la provincia.<img decoding=\"async\" class=\"wp-image-33103 alignright lazyload\" data-src=\"https:\/\/ecosdelsur.com\/wp-content\/uploads\/2025\/07\/vi.jpg\" alt=\"\" width=\"672\" height=\"442\" data-srcset=\"https:\/\/ecosdelsur.com\/wp-content\/uploads\/2025\/07\/vi.jpg 816w, https:\/\/ecosdelsur.com\/wp-content\/uploads\/2025\/07\/vi-300x197.jpg 300w, https:\/\/ecosdelsur.com\/wp-content\/uploads\/2025\/07\/vi-768x505.jpg 768w\" data-sizes=\"(max-width: 672px) 100vw, 672px\" src=\"data:image\/svg+xml;base64,PHN2ZyB3aWR0aD0iMSIgaGVpZ2h0PSIxIiB4bWxucz0iaHR0cDovL3d3dy53My5vcmcvMjAwMC9zdmciPjwvc3ZnPg==\" style=\"--smush-placeholder-width: 672px; --smush-placeholder-aspect-ratio: 672\/442;\" \/><\/p>\n<\/div>\n<div class=\"itemFullText\">\n<p>Lo hizo acompa\u00f1ado por el presidente de Santa Cruz Puede S.A.U., Gustavo S\u00edvori; el titular del Consejo Agrario Provincial, Adri\u00e1n Su\u00e1rez, y los vocales; y el presidente de la Federaci\u00f3n de Instituciones Agropecuarias Santa Cruz (FIAS), Enrique Jamieson.<\/p>\n<p>La comitiva recorri\u00f3 las instalaciones de la firma Berandebi S.A., empresa especializada en soluciones para nutrici\u00f3n animal, que tiene a su cargo la construcci\u00f3n integral del equipamiento industrial que ser\u00e1 trasladado e instalado en territorio santacruce\u00f1o, m\u00e1s precisamente en el predio del Consejo Agrario de la ciudad de R\u00edo gallegos.<\/p>\n<p>Durante la jornada, las autoridades dialogaron con los equipos t\u00e9cnicos de Berandebi, evaluaron el dise\u00f1o de la planta, el sistema de mezclado y extrusi\u00f3n, y repasaron el cronograma de entrega y log\u00edstica para su traslado al sur del pa\u00eds.<\/p>\n<p>\u201cLa llegada de esta planta es un hecho in\u00e9dito para el sector productivo de Santa Cruz. Esta planta no es s\u00f3lo una inversi\u00f3n en infraestructura. Es una apuesta concreta a transformar nuestra provincia, a darle valor a nuestra producci\u00f3n, a acompa\u00f1ar a nuestros productores santacruce\u00f1os abaratando sus costos haci\u00e9ndolos m\u00e1s competitivos\u201d, expres\u00f3 el gobernador Vidal.<img decoding=\"async\" class=\"wp-image-33104 alignleft lazyload\" data-src=\"https:\/\/ecosdelsur.com\/wp-content\/uploads\/2025\/07\/vi1-1024x578.jpeg\" alt=\"\" width=\"642\" height=\"363\" data-srcset=\"https:\/\/ecosdelsur.com\/wp-content\/uploads\/2025\/07\/vi1-scaled.jpeg 1024w, https:\/\/ecosdelsur.com\/wp-content\/uploads\/2025\/07\/vi1-300x169.jpeg 300w, https:\/\/ecosdelsur.com\/wp-content\/uploads\/2025\/07\/vi1-768x434.jpeg 768w\" data-sizes=\"(max-width: 642px) 100vw, 642px\" src=\"data:image\/svg+xml;base64,PHN2ZyB3aWR0aD0iMSIgaGVpZ2h0PSIxIiB4bWxucz0iaHR0cDovL3d3dy53My5vcmcvMjAwMC9zdmciPjwvc3ZnPg==\" style=\"--smush-placeholder-width: 642px; --smush-placeholder-aspect-ratio: 642\/363;\" \/><\/p>\n<p>La iniciativa forma parte del plan estrat\u00e9gico de Santa Cruz Puede S.A.U., la empresa estatal creada entre otros objetos para industrializar alimentos y fortalecer las cadenas productivas provinciales. Esta planta permitir\u00e1 abastecer de alimento balanceado a productores ganaderos, av\u00edcolas, reduciendo costos, generando empleo y aprovechando recursos locales como harinas de hueso, pescado y subproductos agroindustriales.<\/p>\n<p>La puesta en marcha est\u00e1 prevista para los pr\u00f3ximos meses, y significar\u00e1 un salto cualitativo en t\u00e9rminos de soberan\u00eda alimentaria y desarrollo agroindustrial en Santa Cruz.<\/p>\n<\/div>\n","protected":false},"excerpt":{"rendered":"<p>Mi\u00e9rcoles, 23 Julio 2025 &#8211;El gobernador de Santa Cruz, Claudio Vidal, visit\u00f3 la ciudad de Rafaela, provincia de Santa Fe,<\/p>\n","protected":false},"author":8,"featured_media":33105,"comment_status":"closed","ping_status":"closed","sticky":false,"template":"","format":"standard","meta":{"footnotes":""},"categories":[36],"tags":[],"class_list":["post-33098","post","type-post","status-publish","format-standard","has-post-thumbnail","hentry","category-policiales"],"_links":{"self":[{"href":"https:\/\/ecosdelsur.com\/index.php?rest_route=\/wp\/v2\/posts\/33098","targetHints":{"allow":["GET"]}}],"collection":[{"href":"https:\/\/ecosdelsur.com\/index.php?rest_route=\/wp\/v2\/posts"}],"about":[{"href":"https:\/\/ecosdelsur.com\/index.php?rest_route=\/wp\/v2\/types\/post"}],"author":[{"embeddable":true,"href":"https:\/\/ecosdelsur.com\/index.php?rest_route=\/wp\/v2\/users\/8"}],"replies":[{"embeddable":true,"href":"https:\/\/ecosdelsur.com\/index.php?rest_route=%2Fwp%2Fv2%2Fcomments&post=33098"}],"version-history":[{"count":0,"href":"https:\/\/ecosdelsur.com\/index.php?rest_route=\/wp\/v2\/posts\/33098\/revisions"}],"wp:featuredmedia":[{"embeddable":true,"href":"https:\/\/ecosdelsur.com\/index.php?rest_route=\/wp\/v2\/media\/33105"}],"wp:attachment":[{"href":"https:\/\/ecosdelsur.com\/index.php?rest_route=%2Fwp%2Fv2%2Fmedia&parent=33098"}],"wp:term":[{"taxonomy":"category","embeddable":true,"href":"https:\/\/ecosdelsur.com\/index.php?rest_route=%2Fwp%2Fv2%2Fcategories&post=33098"},{"taxonomy":"post_tag","embeddable":true,"href":"https:\/\/ecosdelsur.com\/index.php?rest_route=%2Fwp%2Fv2%2Ftags&post=33098"}],"curies":[{"name":"wp","href":"https:\/\/api.w.org\/{rel}","templated":true}]}}