{"id":33093,"date":"2025-07-24T00:03:10","date_gmt":"2025-07-24T00:03:10","guid":{"rendered":"https:\/\/ecosdelsur.com\/?p=33093"},"modified":"2025-07-24T00:11:42","modified_gmt":"2025-07-24T00:11:42","slug":"detienen-al-agresor-de-un-joven-a-la-salida-de-un-boliche","status":"publish","type":"post","link":"https:\/\/ecosdelsur.com\/?p=33093","title":{"rendered":"Detienen al agresor de un joven a la salida de un boliche"},"content":{"rendered":"<div class=\"row\">\n<div class=\"col-xs-12\">\n<div class=\"itemToolbar2\">\n<p><span class=\"itemDateCreated\" style=\"color: #ff0000;\">Mi\u00e9rcoles, 23 Julio 2025 &#8211; <span style=\"color: #000000;\">Polic\u00edas de la DDI detuvieron el martes al principal agresor de un joven de 20 a\u00f1os que fue golpeado a la salida de un local nocturno de Caleta Olivia caus\u00e1ndole graves lesiones.<img decoding=\"async\" class=\"size-full wp-image-33096 alignleft lazyload\" data-src=\"https:\/\/ecosdelsur.com\/wp-content\/uploads\/2025\/07\/pelea2.jpg\" alt=\"\" width=\"453\" height=\"317\" data-srcset=\"https:\/\/ecosdelsur.com\/wp-content\/uploads\/2025\/07\/pelea2.jpg 453w, https:\/\/ecosdelsur.com\/wp-content\/uploads\/2025\/07\/pelea2-300x210.jpg 300w, https:\/\/ecosdelsur.com\/wp-content\/uploads\/2025\/07\/pelea2-130x90.jpg 130w\" data-sizes=\"(max-width: 453px) 100vw, 453px\" src=\"data:image\/svg+xml;base64,PHN2ZyB3aWR0aD0iMSIgaGVpZ2h0PSIxIiB4bWxucz0iaHR0cDovL3d3dy53My5vcmcvMjAwMC9zdmciPjwvc3ZnPg==\" style=\"--smush-placeholder-width: 453px; --smush-placeholder-aspect-ratio: 453\/317;\" \/><\/span><\/span><\/p>\n<p>El incidente se registr\u00f3 en la madrugada del domingo en el exterior del local bailable Plugged ubicado en la calle San Jos\u00e9 Obrero, donde se enfrentaron dos grupos antag\u00f3nicos de j\u00f3venes, algunos de ellos menores de edad.<\/p>\n<p>En algunos de los videos que se viralizaron se observa a un individuo que asesta a la v\u00edctima una trompada en la cara que lo hace caer al suelo y luego le da una patada en la cabeza, caus\u00e1ndole graves lesiones que motivaron su internaci\u00f3n en la Unidad de Terapia Intensiva del Hospital Zonal, donde actualmente se recupera.<img decoding=\"async\" class=\"size-full wp-image-33094 alignright lazyload\" data-src=\"https:\/\/ecosdelsur.com\/wp-content\/uploads\/2025\/07\/pelea.jpg\" alt=\"\" width=\"464\" height=\"301\" data-srcset=\"https:\/\/ecosdelsur.com\/wp-content\/uploads\/2025\/07\/pelea.jpg 464w, https:\/\/ecosdelsur.com\/wp-content\/uploads\/2025\/07\/pelea-300x195.jpg 300w\" data-sizes=\"(max-width: 464px) 100vw, 464px\" src=\"data:image\/svg+xml;base64,PHN2ZyB3aWR0aD0iMSIgaGVpZ2h0PSIxIiB4bWxucz0iaHR0cDovL3d3dy53My5vcmcvMjAwMC9zdmciPjwvc3ZnPg==\" style=\"--smush-placeholder-width: 464px; --smush-placeholder-aspect-ratio: 464\/301;\" \/><\/p>\n<p>En base a esas filmaciones y a datos aportados por testigos los investigadores lograron recopilar pruebas y, por orden del Juzgado de Instrucci\u00f3n Penal N\u00ba 2, a cargo del dr. Gabriel Contreras, el martes a las 21:00 allanaron una casa ubicada en la calle San Luis del Barrio Rotary 23.<\/p>\n<p>En ese lugar se procedi\u00f3 a detener a un individuo, trascendiendo que se apellidar\u00eda Miranda, de aproximadamente 24 a\u00f1os.<\/p>\n<p>Tambi\u00e9n se secuestraron prendas de vestir utilizadas al momento del suceso, as\u00ed como tambi\u00e9n el veh\u00edculo empleado para huir del lugar tras la agresi\u00f3n.<\/p>\n<p>El detenido permanece alojado e incomunicado en la Comisar\u00eda Segunda y vale se\u00f1alar que el operativo de la DDI cont\u00f3 con la colaboraci\u00f3n de la Comisar\u00eda Quinta y personal de la Divisi\u00f3n Guardia de Infanter\u00eda.<\/p>\n<\/div>\n<\/div>\n<\/div>\n","protected":false},"excerpt":{"rendered":"<p>Mi\u00e9rcoles, 23 Julio 2025 &#8211; Polic\u00edas de la DDI detuvieron el martes al principal agresor de un joven de 20<\/p>\n","protected":false},"author":8,"featured_media":33095,"comment_status":"closed","ping_status":"closed","sticky":false,"template":"","format":"standard","meta":{"footnotes":""},"categories":[36],"tags":[],"class_list":["post-33093","post","type-post","status-publish","format-standard","has-post-thumbnail","hentry","category-policiales"],"_links":{"self":[{"href":"https:\/\/ecosdelsur.com\/index.php?rest_route=\/wp\/v2\/posts\/33093","targetHints":{"allow":["GET"]}}],"collection":[{"href":"https:\/\/ecosdelsur.com\/index.php?rest_route=\/wp\/v2\/posts"}],"about":[{"href":"https:\/\/ecosdelsur.com\/index.php?rest_route=\/wp\/v2\/types\/post"}],"author":[{"embeddable":true,"href":"https:\/\/ecosdelsur.com\/index.php?rest_route=\/wp\/v2\/users\/8"}],"replies":[{"embeddable":true,"href":"https:\/\/ecosdelsur.com\/index.php?rest_route=%2Fwp%2Fv2%2Fcomments&post=33093"}],"version-history":[{"count":0,"href":"https:\/\/ecosdelsur.com\/index.php?rest_route=\/wp\/v2\/posts\/33093\/revisions"}],"wp:featuredmedia":[{"embeddable":true,"href":"https:\/\/ecosdelsur.com\/index.php?rest_route=\/wp\/v2\/media\/33095"}],"wp:attachment":[{"href":"https:\/\/ecosdelsur.com\/index.php?rest_route=%2Fwp%2Fv2%2Fmedia&parent=33093"}],"wp:term":[{"taxonomy":"category","embeddable":true,"href":"https:\/\/ecosdelsur.com\/index.php?rest_route=%2Fwp%2Fv2%2Fcategories&post=33093"},{"taxonomy":"post_tag","embeddable":true,"href":"https:\/\/ecosdelsur.com\/index.php?rest_route=%2Fwp%2Fv2%2Ftags&post=33093"}],"curies":[{"name":"wp","href":"https:\/\/api.w.org\/{rel}","templated":true}]}}