{"id":31808,"date":"2025-06-07T17:32:07","date_gmt":"2025-06-07T17:32:07","guid":{"rendered":"https:\/\/ecosdelsur.com\/?p=31808"},"modified":"2025-06-07T17:32:58","modified_gmt":"2025-06-07T17:32:58","slug":"vidal-los-antiguos-nos-necesita-unidos","status":"publish","type":"post","link":"https:\/\/ecosdelsur.com\/?p=31808","title":{"rendered":"Vidal: \u201cLos Antiguos nos necesita unidos\u201d"},"content":{"rendered":"<div class=\"itemToolbar2\">\n<p><span style=\"color: #ff0000;\">\u00a0<span class=\"itemDateCreated\">S\u00e1bado, 07 Junio 2025 &#8211; <\/span><\/span>El gobernador de Santa Cruz, Claudio Vidal, mantuvo hoy una reuni\u00f3n con la intendenta de Los Antiguos, Zulma Neira, y el secretario de Estado de Coordinaci\u00f3n Regional Lago Buenos Aires, Julio Bellomo.<img decoding=\"async\" class=\"size-full wp-image-31811 aligncenter lazyload\" data-src=\"https:\/\/ecosdelsur.com\/wp-content\/uploads\/2025\/06\/WhatsApp_Image_2025-06-06_at_20.59.58_1.jpeg\" alt=\"\" width=\"901\" height=\"528\" data-srcset=\"https:\/\/ecosdelsur.com\/wp-content\/uploads\/2025\/06\/WhatsApp_Image_2025-06-06_at_20.59.58_1.jpeg 901w, https:\/\/ecosdelsur.com\/wp-content\/uploads\/2025\/06\/WhatsApp_Image_2025-06-06_at_20.59.58_1-300x176.jpeg 300w, https:\/\/ecosdelsur.com\/wp-content\/uploads\/2025\/06\/WhatsApp_Image_2025-06-06_at_20.59.58_1-768x450.jpeg 768w\" data-sizes=\"(max-width: 901px) 100vw, 901px\" src=\"data:image\/svg+xml;base64,PHN2ZyB3aWR0aD0iMSIgaGVpZ2h0PSIxIiB4bWxucz0iaHR0cDovL3d3dy53My5vcmcvMjAwMC9zdmciPjwvc3ZnPg==\" style=\"--smush-placeholder-width: 901px; --smush-placeholder-aspect-ratio: 901\/528;\" \/><\/p>\n<\/div>\n<div class=\"itemFullText\">\n<p>\u201cHoy mantuve una reuni\u00f3n con la intendenta de Los Antiguos, Zulma Neira, y con Julio Bellomo. No voy a dejar de resaltarlo, siempre creemos que el camino es el del di\u00e1logo, el respeto y, por sobre todas las cosas, el compromiso con el bienestar y el futuro de nuestras comunidades\u201d, expres\u00f3 el mandatario provincial a trav\u00e9s de sus redes sociales.<img decoding=\"async\" class=\"size-full wp-image-31810 aligncenter lazyload\" data-src=\"https:\/\/ecosdelsur.com\/wp-content\/uploads\/2025\/06\/WhatsApp_Image_2025-06-06_at_20.59.58.jpeg\" alt=\"\" width=\"910\" height=\"535\" data-srcset=\"https:\/\/ecosdelsur.com\/wp-content\/uploads\/2025\/06\/WhatsApp_Image_2025-06-06_at_20.59.58.jpeg 910w, https:\/\/ecosdelsur.com\/wp-content\/uploads\/2025\/06\/WhatsApp_Image_2025-06-06_at_20.59.58-300x176.jpeg 300w, https:\/\/ecosdelsur.com\/wp-content\/uploads\/2025\/06\/WhatsApp_Image_2025-06-06_at_20.59.58-768x452.jpeg 768w\" data-sizes=\"(max-width: 910px) 100vw, 910px\" src=\"data:image\/svg+xml;base64,PHN2ZyB3aWR0aD0iMSIgaGVpZ2h0PSIxIiB4bWxucz0iaHR0cDovL3d3dy53My5vcmcvMjAwMC9zdmciPjwvc3ZnPg==\" style=\"--smush-placeholder-width: 910px; --smush-placeholder-aspect-ratio: 910\/535;\" \/><\/p>\n<p>El Gobernador envi\u00f3 un mensaje a quienes han \u201cespeculado mucho sobre la gobernabilidad en Los Antiguos\u201d y dej\u00f3 en claro que, \u201cdesde el Gobierno Provincial, estamos presentes acompa\u00f1ando con hechos concretos y obras reales que ya se est\u00e1n ejecutando en la localidad\u201d.<\/p>\n<p>En este marco, Vidal enumer\u00f3 las obras en marcha en la localidad de la zona norte:<\/p>\n<ul>\n<li>Refacciones en el Gimnasio y Centro Deportivo Municipal, incluyendo trabajos de pintura, mamposter\u00eda interior, cierre perimetral y aislaci\u00f3n, con una inversi\u00f3n de $304 millones.<\/li>\n<li>Apertura y pavimentaci\u00f3n de la calle Jauretche, con un avance f\u00edsico del 88,16% y una inversi\u00f3n de $44 millones.<\/li>\n<li>Sala de Ensayo Municipal, con un avance del 73,09% y un presupuesto de $26 millones.<\/li>\n<li>Nuevo Gimnasio para la Escuela N.\u00ba 15, con una superficie de m\u00e1s de 1000 m\u00b2 y una inversi\u00f3n de $1.981 millones.<\/li>\n<li>Construcci\u00f3n de 20 viviendas familiares, con una inversi\u00f3n estimada de $2.500 millones, a lo que se sumar\u00e1 la ejecuci\u00f3n de servicios b\u00e1sicos (luz, gas, cloacas, veredas y cercos).<\/li>\n<li>A trav\u00e9s de Distrigas S.A., se realiz\u00f3 la extensi\u00f3n de redes de gas para beneficiar a 77 familias del sector manzanas 1400, con una inversi\u00f3n de $12 millones, y la recalificaci\u00f3n de la Planta de Almacenamiento de G.L.P., con una inversi\u00f3n de $52 millones.<\/li>\n<li>Adem\u00e1s, avanza la hist\u00f3rica obra del Interconectado El\u00e9ctrico, con una inversi\u00f3n total de USD 56 millones, de los cuales USD 20 millones se ejecutan durante esta gesti\u00f3n. Su inauguraci\u00f3n est\u00e1 prevista para septiembre de 2025.<\/li>\n<\/ul>\n<p>Estas obras representan una inversi\u00f3n estimada de m\u00e1s de $4.900 millones, a las que se suman inversiones en d\u00f3lares y asistencia productiva directa.<\/p>\n<p>Adem\u00e1s, nombr\u00f3 las obras anunciadas el 1\u00b0 de mayo:<\/p>\n<ul>\n<li>Limpieza y defensa de los r\u00edos Jeinimeni y Los Antiguos, una obra estrat\u00e9gica para la protecci\u00f3n ambiental y la prevenci\u00f3n de inundaciones.<\/li>\n<li>Extensi\u00f3n de la red de gas al barrio La Herradura, garantizando acceso a un servicio esencial que mejora el confort y reduce costos para las familias.<\/li>\n<li>Construcci\u00f3n de piletas de estabilizaci\u00f3n de l\u00edquidos cloacales, obra clave para el saneamiento y el cuidado del medio ambiente.<\/li>\n<li>Edificaci\u00f3n de 20 nuevas viviendas, que permitir\u00e1n reducir el d\u00e9ficit habitacional y acompa\u00f1ar el crecimiento de la comunidad.<\/li>\n<li>Creaci\u00f3n de un Centro C\u00edvico Provincial, un nuevo espacio institucional para descentralizar servicios y acercar el Estado a los ciudadanos.<\/li>\n<li>Finalizaci\u00f3n del quir\u00f3fano del Hospital Seccional Dr. Reinaldo Bimbi, fortaleciendo la capacidad del sistema de salud local y mejorando la atenci\u00f3n sanitaria.<\/li>\n<\/ul>\n<p>En su mensaje, el Gobernador remarc\u00f3 que \u201ctenemos una certeza: Los Antiguos nos necesita unidos. Nos necesita a todos y todas trabajando por un mismo objetivo, que es mejorar la vida de nuestros vecinos y vecinas\u201d.<\/p>\n<\/div>\n","protected":false},"excerpt":{"rendered":"<p>\u00a0S\u00e1bado, 07 Junio 2025 &#8211; El gobernador de Santa Cruz, Claudio Vidal, mantuvo hoy una reuni\u00f3n con la intendenta de<\/p>\n","protected":false},"author":8,"featured_media":31809,"comment_status":"closed","ping_status":"closed","sticky":false,"template":"","format":"standard","meta":{"footnotes":""},"categories":[33],"tags":[],"class_list":["post-31808","post","type-post","status-publish","format-standard","has-post-thumbnail","hentry","category-politica"],"_links":{"self":[{"href":"https:\/\/ecosdelsur.com\/index.php?rest_route=\/wp\/v2\/posts\/31808","targetHints":{"allow":["GET"]}}],"collection":[{"href":"https:\/\/ecosdelsur.com\/index.php?rest_route=\/wp\/v2\/posts"}],"about":[{"href":"https:\/\/ecosdelsur.com\/index.php?rest_route=\/wp\/v2\/types\/post"}],"author":[{"embeddable":true,"href":"https:\/\/ecosdelsur.com\/index.php?rest_route=\/wp\/v2\/users\/8"}],"replies":[{"embeddable":true,"href":"https:\/\/ecosdelsur.com\/index.php?rest_route=%2Fwp%2Fv2%2Fcomments&post=31808"}],"version-history":[{"count":0,"href":"https:\/\/ecosdelsur.com\/index.php?rest_route=\/wp\/v2\/posts\/31808\/revisions"}],"wp:featuredmedia":[{"embeddable":true,"href":"https:\/\/ecosdelsur.com\/index.php?rest_route=\/wp\/v2\/media\/31809"}],"wp:attachment":[{"href":"https:\/\/ecosdelsur.com\/index.php?rest_route=%2Fwp%2Fv2%2Fmedia&parent=31808"}],"wp:term":[{"taxonomy":"category","embeddable":true,"href":"https:\/\/ecosdelsur.com\/index.php?rest_route=%2Fwp%2Fv2%2Fcategories&post=31808"},{"taxonomy":"post_tag","embeddable":true,"href":"https:\/\/ecosdelsur.com\/index.php?rest_route=%2Fwp%2Fv2%2Ftags&post=31808"}],"curies":[{"name":"wp","href":"https:\/\/api.w.org\/{rel}","templated":true}]}}