{"id":31801,"date":"2025-06-07T16:06:51","date_gmt":"2025-06-07T16:06:51","guid":{"rendered":"https:\/\/ecosdelsur.com\/?p=31801"},"modified":"2025-06-07T16:07:33","modified_gmt":"2025-06-07T16:07:33","slug":"inauguracion-del-semaforo-en-avenida-republica","status":"publish","type":"post","link":"https:\/\/ecosdelsur.com\/?p=31801","title":{"rendered":"Inauguraci\u00f3n del sem\u00e1foro en Avenida Rep\u00fablica"},"content":{"rendered":"<div class=\"itemToolbar2\">\n<p><span style=\"color: #ff0000;\">\u00a0<\/span><span class=\"itemDateCreated\"><span style=\"color: #ff0000;\">S\u00e1bado, 07 Junio 2025<\/span> &#8211; <\/span>Este viernes por la tarde el intendente Pablo Carrizo inaugur\u00f3 oficialmente el nuevo sem\u00e1foro en la intersecci\u00f3n de la Avenida Rep\u00fablica con las calles Ventisquero Perito Moreno y Venezuela, en el marco del plan de mejorar la seguridad vial que lleva adelante la gesti\u00f3n.<\/p>\n<\/div>\n<figure class=\"wp-block-image size-large\"><img decoding=\"async\" class=\"wp-image-12965 lazyload\" data-src=\"https:\/\/caletaolivia.gov.ar\/wp-content\/uploads\/2025\/06\/WhatsApp-Image-2025-06-06-at-7.33.29-PM-2-1024x597.jpeg\" data-sizes=\"(max-width: 1024px) 100vw, 1024px\" data-srcset=\"https:\/\/caletaolivia.gov.ar\/wp-content\/uploads\/2025\/06\/WhatsApp-Image-2025-06-06-at-7.33.29-PM-2-1024x597.jpeg 1024w, https:\/\/caletaolivia.gov.ar\/wp-content\/uploads\/2025\/06\/WhatsApp-Image-2025-06-06-at-7.33.29-PM-2-300x175.jpeg 300w, https:\/\/caletaolivia.gov.ar\/wp-content\/uploads\/2025\/06\/WhatsApp-Image-2025-06-06-at-7.33.29-PM-2-768x448.jpeg 768w, https:\/\/caletaolivia.gov.ar\/wp-content\/uploads\/2025\/06\/WhatsApp-Image-2025-06-06-at-7.33.29-PM-2.jpeg 1200w\" alt=\"\" width=\"1024\" height=\"597\" src=\"data:image\/svg+xml;base64,PHN2ZyB3aWR0aD0iMSIgaGVpZ2h0PSIxIiB4bWxucz0iaHR0cDovL3d3dy53My5vcmcvMjAwMC9zdmciPjwvc3ZnPg==\" style=\"--smush-placeholder-width: 1024px; --smush-placeholder-aspect-ratio: 1024\/597;\" \/><\/figure>\n<p>De la puesta en marcha participaron autoridades municipales, equipos t\u00e9cnicos, personal de Hacienda y representantes del \u00e1rea de Telef\u00f3nica, responsables de la instalaci\u00f3n del sistema electr\u00f3nico y el montaje.<\/p>\n<figure class=\"wp-block-image size-large\"><img decoding=\"async\" class=\"wp-image-12967 lazyload\" data-src=\"https:\/\/caletaolivia.gov.ar\/wp-content\/uploads\/2025\/06\/WhatsApp-Image-2025-06-06-at-7.33.31-PM-1024x597.jpeg\" data-sizes=\"(max-width: 1024px) 100vw, 1024px\" data-srcset=\"https:\/\/caletaolivia.gov.ar\/wp-content\/uploads\/2025\/06\/WhatsApp-Image-2025-06-06-at-7.33.31-PM-1024x597.jpeg 1024w, https:\/\/caletaolivia.gov.ar\/wp-content\/uploads\/2025\/06\/WhatsApp-Image-2025-06-06-at-7.33.31-PM-300x175.jpeg 300w, https:\/\/caletaolivia.gov.ar\/wp-content\/uploads\/2025\/06\/WhatsApp-Image-2025-06-06-at-7.33.31-PM-768x448.jpeg 768w, https:\/\/caletaolivia.gov.ar\/wp-content\/uploads\/2025\/06\/WhatsApp-Image-2025-06-06-at-7.33.31-PM.jpeg 1200w\" alt=\"\" width=\"1024\" height=\"597\" src=\"data:image\/svg+xml;base64,PHN2ZyB3aWR0aD0iMSIgaGVpZ2h0PSIxIiB4bWxucz0iaHR0cDovL3d3dy53My5vcmcvMjAwMC9zdmciPjwvc3ZnPg==\" style=\"--smush-placeholder-width: 1024px; --smush-placeholder-aspect-ratio: 1024\/597;\" \/><\/figure>\n<p>Luis Melo, secretario de Gobierno, indic\u00f3 que: \u201cD\u00eda a d\u00eda se va avanzando con el plan de seguridad vial\u201d. Seg\u00fan explic\u00f3, esta instalaci\u00f3n responde a un pedido hist\u00f3rico de los vecinos del barrio C\u00e9sar Campos. \u201cEra un requerimiento de muchos a\u00f1os. Con esta gesti\u00f3n pudimos avanzar y ponerlo en servicio, trayendo m\u00e1s seguridad para el tr\u00e1nsito vehicular\u201d.<\/p>\n<p>Adem\u00e1s del nuevo dispositivo de control, Melo explic\u00f3 que se llevaron a cabo tareas complementarias en la zona, incluyendo pintura de las sendas peatonales, el repaso de cordones y la colocaci\u00f3n de carteler\u00eda. El secretario remarc\u00f3 que todas estas acciones se llevan a cabo con recursos propios del municipio.<\/p>\n<figure class=\"wp-block-image size-large\"><img decoding=\"async\" class=\"wp-image-12968 lazyload\" data-src=\"https:\/\/caletaolivia.gov.ar\/wp-content\/uploads\/2025\/06\/WhatsApp-Image-2025-06-06-at-7.33.29-PM-1-1024x597.jpeg\" data-sizes=\"(max-width: 1024px) 100vw, 1024px\" data-srcset=\"https:\/\/caletaolivia.gov.ar\/wp-content\/uploads\/2025\/06\/WhatsApp-Image-2025-06-06-at-7.33.29-PM-1-1024x597.jpeg 1024w, https:\/\/caletaolivia.gov.ar\/wp-content\/uploads\/2025\/06\/WhatsApp-Image-2025-06-06-at-7.33.29-PM-1-300x175.jpeg 300w, https:\/\/caletaolivia.gov.ar\/wp-content\/uploads\/2025\/06\/WhatsApp-Image-2025-06-06-at-7.33.29-PM-1-768x448.jpeg 768w, https:\/\/caletaolivia.gov.ar\/wp-content\/uploads\/2025\/06\/WhatsApp-Image-2025-06-06-at-7.33.29-PM-1.jpeg 1200w\" alt=\"\" width=\"1024\" height=\"597\" src=\"data:image\/svg+xml;base64,PHN2ZyB3aWR0aD0iMSIgaGVpZ2h0PSIxIiB4bWxucz0iaHR0cDovL3d3dy53My5vcmcvMjAwMC9zdmciPjwvc3ZnPg==\" style=\"--smush-placeholder-width: 1024px; --smush-placeholder-aspect-ratio: 1024\/597;\" \/><\/figure>\n<p>Por otro lado, como parte de la iniciativa de este ordenamiento, contin\u00faan las intervenciones en otros sectores de la ciudad. \u201cEstamos finalizando parte de la instalaci\u00f3n de una de las caras de los divisores viales reflectivos en el acceso al barrio Rotary 23\u201d, detall\u00f3 el funcionario. Estas tareas se realizan con la colaboraci\u00f3n del personal de Tr\u00e1nsito y Protecci\u00f3n Civil, con el objetivo de mejorar la organizaci\u00f3n y visibilidad en una zona altamente transitada.<\/p>\n","protected":false},"excerpt":{"rendered":"<p>\u00a0S\u00e1bado, 07 Junio 2025 &#8211; Este viernes por la tarde el intendente Pablo Carrizo inaugur\u00f3 oficialmente el nuevo sem\u00e1foro en<\/p>\n","protected":false},"author":8,"featured_media":31802,"comment_status":"closed","ping_status":"closed","sticky":false,"template":"","format":"standard","meta":{"footnotes":""},"categories":[40],"tags":[],"class_list":["post-31801","post","type-post","status-publish","format-standard","has-post-thumbnail","hentry","category-municipales"],"_links":{"self":[{"href":"https:\/\/ecosdelsur.com\/index.php?rest_route=\/wp\/v2\/posts\/31801","targetHints":{"allow":["GET"]}}],"collection":[{"href":"https:\/\/ecosdelsur.com\/index.php?rest_route=\/wp\/v2\/posts"}],"about":[{"href":"https:\/\/ecosdelsur.com\/index.php?rest_route=\/wp\/v2\/types\/post"}],"author":[{"embeddable":true,"href":"https:\/\/ecosdelsur.com\/index.php?rest_route=\/wp\/v2\/users\/8"}],"replies":[{"embeddable":true,"href":"https:\/\/ecosdelsur.com\/index.php?rest_route=%2Fwp%2Fv2%2Fcomments&post=31801"}],"version-history":[{"count":0,"href":"https:\/\/ecosdelsur.com\/index.php?rest_route=\/wp\/v2\/posts\/31801\/revisions"}],"wp:featuredmedia":[{"embeddable":true,"href":"https:\/\/ecosdelsur.com\/index.php?rest_route=\/wp\/v2\/media\/31802"}],"wp:attachment":[{"href":"https:\/\/ecosdelsur.com\/index.php?rest_route=%2Fwp%2Fv2%2Fmedia&parent=31801"}],"wp:term":[{"taxonomy":"category","embeddable":true,"href":"https:\/\/ecosdelsur.com\/index.php?rest_route=%2Fwp%2Fv2%2Fcategories&post=31801"},{"taxonomy":"post_tag","embeddable":true,"href":"https:\/\/ecosdelsur.com\/index.php?rest_route=%2Fwp%2Fv2%2Ftags&post=31801"}],"curies":[{"name":"wp","href":"https:\/\/api.w.org\/{rel}","templated":true}]}}