{"id":31794,"date":"2025-06-07T16:02:39","date_gmt":"2025-06-07T16:02:39","guid":{"rendered":"https:\/\/ecosdelsur.com\/?p=31794"},"modified":"2025-06-07T16:02:39","modified_gmt":"2025-06-07T16:02:39","slug":"el-registro-civil-implementa-de-manera-online-la-inscripcion-e-informes-de-juicios-universales","status":"publish","type":"post","link":"https:\/\/ecosdelsur.com\/?p=31794","title":{"rendered":"El Registro Civil implementa de manera online la inscripci\u00f3n e informes de Juicios Universales"},"content":{"rendered":"<div class=\"itemToolbar2\">\n<p><span class=\"itemDateCreated\" style=\"color: #ff0000;\">S\u00e1bado, 07 Junio 2025\u00a0 &#8211; <\/span><span>La Subsecretar\u00eda de Gobierno y Asuntos Registrales comunica que a partir del lunes 9 de junio se habilita, para toda la Provincia de Santa Cruz, la <\/span><strong>tramitaci\u00f3n en l\u00ednea de la Inscripci\u00f3n e Informes de Juicios Universales<\/strong><span>.<img decoding=\"async\" class=\"alignnone size-full wp-image-31797 lazyload\" data-src=\"https:\/\/ecosdelsur.com\/wp-content\/uploads\/2025\/06\/WhatsApp_Image_2025-06-06_at_13.16.28.jpeg\" alt=\"\" width=\"990\" height=\"1024\" data-srcset=\"https:\/\/ecosdelsur.com\/wp-content\/uploads\/2025\/06\/WhatsApp_Image_2025-06-06_at_13.16.28.jpeg 990w, https:\/\/ecosdelsur.com\/wp-content\/uploads\/2025\/06\/WhatsApp_Image_2025-06-06_at_13.16.28-290x300.jpeg 290w, https:\/\/ecosdelsur.com\/wp-content\/uploads\/2025\/06\/WhatsApp_Image_2025-06-06_at_13.16.28-768x794.jpeg 768w\" data-sizes=\"(max-width: 990px) 100vw, 990px\" src=\"data:image\/svg+xml;base64,PHN2ZyB3aWR0aD0iMSIgaGVpZ2h0PSIxIiB4bWxucz0iaHR0cDovL3d3dy53My5vcmcvMjAwMC9zdmciPjwvc3ZnPg==\" style=\"--smush-placeholder-width: 990px; --smush-placeholder-aspect-ratio: 990\/1024;\" \/><\/span><\/p>\n<\/div>\n<div class=\"itemFullText\">\n<p>La Subsecretar\u00eda de Gobierno, dependiente de Secretar\u00eda de Estado de Gobierno e Interior del Ministerio de Gobierno, pone en conocimiento que mediante Disposici\u00f3n Registral DPRP-003-2025, a partir del pr\u00f3ximo lunes 9 de junio entra en vigencia un nuevo procedimiento on-line que agiliza y simplifica la Tramitaci\u00f3n para Inscripci\u00f3n e Informes de Juicios Universales para toda la provincia de Santa Cruz.<\/p>\n<p>La subsecretar\u00eda Soledad Boggio explic\u00f3 que ya no se deber\u00e1 viajar m\u00e1s a la ciudad de R\u00edo Gallegos para realizar la inscripci\u00f3n o pedido de informes de Juicios Universales, tales como testamentarios, concurso y quiebra y sucesi\u00f3n ab-intestato.<img decoding=\"async\" class=\"alignnone size-full wp-image-31798 lazyload\" data-src=\"https:\/\/ecosdelsur.com\/wp-content\/uploads\/2025\/06\/WhatsApp_Image_2025-06-06_at_13.16.35-1.jpeg\" alt=\"\" width=\"1024\" height=\"1019\" data-srcset=\"https:\/\/ecosdelsur.com\/wp-content\/uploads\/2025\/06\/WhatsApp_Image_2025-06-06_at_13.16.35-1.jpeg 1024w, https:\/\/ecosdelsur.com\/wp-content\/uploads\/2025\/06\/WhatsApp_Image_2025-06-06_at_13.16.35-1-300x300.jpeg 300w, https:\/\/ecosdelsur.com\/wp-content\/uploads\/2025\/06\/WhatsApp_Image_2025-06-06_at_13.16.35-1-150x150.jpeg 150w, https:\/\/ecosdelsur.com\/wp-content\/uploads\/2025\/06\/WhatsApp_Image_2025-06-06_at_13.16.35-1-768x764.jpeg 768w\" data-sizes=\"(max-width: 1024px) 100vw, 1024px\" src=\"data:image\/svg+xml;base64,PHN2ZyB3aWR0aD0iMSIgaGVpZ2h0PSIxIiB4bWxucz0iaHR0cDovL3d3dy53My5vcmcvMjAwMC9zdmciPjwvc3ZnPg==\" style=\"--smush-placeholder-width: 1024px; --smush-placeholder-aspect-ratio: 1024\/1019;\" \/><\/p>\n<p>\u201cEn lo que va del 2025 se realizaron m\u00e1s de 500 tr\u00e1mites en dicho Registro, entre inscripciones o pedidos de informes, debiendo en todos los casos hacerse de manera presencial y \u00fanicamente en Rio Gallegos, provocando que se deban trasladar los letrados patrocinantes o apoderados y\/o gestores o personas autorizadas, desde cualquier punto de la provincia\u201d, detall\u00f3 la funcionaria.<\/p>\n<p>Por otro lado, subray\u00f3 que \u201cesto sucede desde la promulgaci\u00f3n de la Ley Provincial 710, en el a\u00f1o 1971. Durante muchos a\u00f1os se instal\u00f3 y naturalizo un paradigma en donde el ejecutivo provincial no empatizaba con la sociedad\u201d.<\/p>\n<p>Asimismo, manifest\u00f3: \u201cEs por ello que desde la Subsecretaria de Gobierno y Asuntos Registrales seguimos trabajando arduamente y a diario para mejorar la calidad de vida de nuestros vecinos\u201d.<\/p>\n<p>Finalmente, Soledad Boggio confirm\u00f3 que \u201cde ahora en m\u00e1s, dichas tramitaciones se har\u00e1n en l\u00ednea, y no solo vamos a optimizar los tiempos operativos sino tambi\u00e9n bajar los costos de los tr\u00e1mites por los traslados a la ciudad capital. Todo ello deber\u00eda impactar de manera directa en el bolsillo de nuestros ciudadanos\u201d.<\/p>\n<\/div>\n","protected":false},"excerpt":{"rendered":"<p>S\u00e1bado, 07 Junio 2025\u00a0 &#8211; La Subsecretar\u00eda de Gobierno y Asuntos Registrales comunica que a partir del lunes 9 de<\/p>\n","protected":false},"author":8,"featured_media":31796,"comment_status":"closed","ping_status":"closed","sticky":false,"template":"","format":"standard","meta":{"footnotes":""},"categories":[1],"tags":[],"class_list":["post-31794","post","type-post","status-publish","format-standard","has-post-thumbnail","hentry","category-uncategorized"],"_links":{"self":[{"href":"https:\/\/ecosdelsur.com\/index.php?rest_route=\/wp\/v2\/posts\/31794","targetHints":{"allow":["GET"]}}],"collection":[{"href":"https:\/\/ecosdelsur.com\/index.php?rest_route=\/wp\/v2\/posts"}],"about":[{"href":"https:\/\/ecosdelsur.com\/index.php?rest_route=\/wp\/v2\/types\/post"}],"author":[{"embeddable":true,"href":"https:\/\/ecosdelsur.com\/index.php?rest_route=\/wp\/v2\/users\/8"}],"replies":[{"embeddable":true,"href":"https:\/\/ecosdelsur.com\/index.php?rest_route=%2Fwp%2Fv2%2Fcomments&post=31794"}],"version-history":[{"count":0,"href":"https:\/\/ecosdelsur.com\/index.php?rest_route=\/wp\/v2\/posts\/31794\/revisions"}],"wp:featuredmedia":[{"embeddable":true,"href":"https:\/\/ecosdelsur.com\/index.php?rest_route=\/wp\/v2\/media\/31796"}],"wp:attachment":[{"href":"https:\/\/ecosdelsur.com\/index.php?rest_route=%2Fwp%2Fv2%2Fmedia&parent=31794"}],"wp:term":[{"taxonomy":"category","embeddable":true,"href":"https:\/\/ecosdelsur.com\/index.php?rest_route=%2Fwp%2Fv2%2Fcategories&post=31794"},{"taxonomy":"post_tag","embeddable":true,"href":"https:\/\/ecosdelsur.com\/index.php?rest_route=%2Fwp%2Fv2%2Ftags&post=31794"}],"curies":[{"name":"wp","href":"https:\/\/api.w.org\/{rel}","templated":true}]}}