{"id":31790,"date":"2025-06-06T20:29:32","date_gmt":"2025-06-06T20:29:32","guid":{"rendered":"https:\/\/ecosdelsur.com\/?p=31790"},"modified":"2025-06-06T20:29:32","modified_gmt":"2025-06-06T20:29:32","slug":"la-evolucion-del-periodismo-una-charla-con-napo-acosta","status":"publish","type":"post","link":"https:\/\/ecosdelsur.com\/?p=31790","title":{"rendered":"La evoluci\u00f3n del periodismo: Una charla con Napo Acosta"},"content":{"rendered":"<p>En una entrevista con el programa &#8220;La voz de la ma\u00f1ana&#8221;, en Radio Ecos del Sur, el reconocido periodista Napo Acosta ofreci\u00f3 una mirada profunda sobre su trayectoria en el periodismo, desde sus inicios en la prensa gr\u00e1fica hasta la era digital actual. Con una pasi\u00f3n innegable por la profesi\u00f3n, Acosta comparti\u00f3 reflexiones sobre los desaf\u00edos, la evoluci\u00f3n tecnol\u00f3gica y el rol del periodista en la sociedad.<\/p>\n<p>De la \u00e9poca del plomo a la era digital<\/p>\n<p>Napo Acosta, quien comenz\u00f3 su carrera en el periodismo deportivo, se adentr\u00f3 luego en la Universidad Nacional de la Patagonia, pero enfatiz\u00f3 que la verdadera escuela es la calle. &#8220;La experiencia es lo que m\u00e1s te da en la calle&#8221;, afirm\u00f3. Recordando sus inicios en la \u00e9poca del &#8220;plomo&#8221;, cuando los diarios se imprim\u00edan manualmente, y las m\u00e1quinas de escribir Olivetti o Remington, Acosta destac\u00f3 la dr\u00e1stica transformaci\u00f3n tecnol\u00f3gica que ha experimentado el periodismo.<\/p>\n<p>&#8220;De pronto te aparece&#8230; vamos a comenzar el WhatsApp, vamos a comenzar directamente el streaming y vamos a comenzar directamente la comunicaci\u00f3n satelital y ten\u00e9s que tener resultados de \u00faltima generaci\u00f3n si no, no recib\u00eds informaci\u00f3n&#8221;, explic\u00f3. Esta dependencia de la tecnolog\u00eda, sin embargo, tambi\u00e9n tiene su lado vulnerable: &#8220;cuando se nos corta la luz, no somos nada&#8221;.<\/p>\n<p>La habilidad de la observaci\u00f3n y la memoria period\u00edstica<\/p>\n<p>Acosta, proveniente de la &#8220;vieja escuela&#8221; gr\u00e1fica, resalt\u00f3 la capacidad del periodista de grabar poco y escribir mucho, valorando la palabra y la paciencia. Atribuy\u00f3 esta habilidad a un &#8220;don&#8221; que se desarrolla con la pr\u00e1ctica y la atenci\u00f3n a los detalles. &#8220;Uno graba directamente como ver una pel\u00edcula&#8221;, dijo, comparando su memoria period\u00edstica con la capacidad de recordar obras cinematogr\u00e1ficas. Esta aguda observaci\u00f3n es fundamental para su trabajo, especialmente al generar contenido para radio y redes sociales, donde el audio y la inmediatez son clave.<\/p>\n<p>La relaci\u00f3n entre el periodista y el poder<\/p>\n<p>Una de las preguntas centrales fue la frecuente &#8220;molestia&#8221; que genera el periodista al poder de turno. Acosta explic\u00f3 que esto depende de los temas que se planteen y de la apertura de los funcionarios. Puso como ejemplo su propia experiencia al cuestionar a ciertas figuras pol\u00edticas sobre temas sensibles, como la gesti\u00f3n de terrenos en Caleta Olivia o el manejo de recursos.<\/p>\n<p>&#8220;Algunos pol\u00edticos son, por ejemplo, mucho m\u00e1s nobles directamente y te responden por qu\u00e9 est\u00e1n actuando&#8221;, coment\u00f3, contrastando esta actitud con otros que reaccionan negativamente ante la cr\u00edtica, llegando incluso a llamar a los directores de los medios para &#8220;combatir&#8221; a los periodistas. &#8220;Conmigo no tienen esa pulcritud, porque yo no tengo director&#8221;, ironiz\u00f3.<\/p>\n<p>&#8220;El Calet\u00f3n&#8221;: Humor, iron\u00eda y la diversi\u00f3n de la noticia cotidiana<\/p>\n<p>Acosta record\u00f3 con cari\u00f1o su creaci\u00f3n, &#8220;El Calet\u00f3n&#8221;, un segmento que se publicaba en el diario y que ofrec\u00eda una perspectiva &#8220;ir\u00f3nica&#8221; y humor\u00edstica de la pol\u00edtica y las novedades cotidianas. &#8220;Era como una especie de gracia pol\u00edtica que no tienen muchos diarios&#8221;, describi\u00f3. &#8220;El Calet\u00f3n&#8221; se caracterizaba por publicar fotograf\u00edas curiosas de funcionarios en situaciones poco comunes, acompa\u00f1adas de textos ingeniosos que, a pesar de su tono, llegaron a generar intentos de acciones judiciales.<\/p>\n<p>Para Acosta, la inclusi\u00f3n de humor en el periodismo es esencial: &#8220;Tampoco pod\u00e9s estar todo el d\u00eda con la noticia en serio y no pod\u00e9s estar en este mundo&#8230; sino directamente, buscar un poco de humor&#8221;. Reconoci\u00f3 que la Patagonia, con sus condiciones clim\u00e1ticas y laborales, puede generar un &#8220;mal humor&#8221; que se puede compensar con el humor en la prensa.<\/p>\n<p>Caleta Olivia: \u00bfCiudad del Gorosito o Ciudad de las Ballenas?<\/p>\n<p>Sobre la identidad de Caleta Olivia, Napo Acosta expres\u00f3 su convicci\u00f3n de que la ciudad, en el futuro, ser\u00e1 conocida como la &#8220;Ciudad de las Ballenas&#8221;, aunque el Gorosito seguir\u00e1 siendo un emblema. Se refiri\u00f3 a la presencia de m\u00e1s de 7.000 ballenas de seis especies distintas que pasan por la costa de Caleta Olivia durante todo el a\u00f1o, superando incluso a Puerto Madryn en cantidad y variedad.<\/p>\n<p>Acosta critic\u00f3 la falta de visi\u00f3n tur\u00edstica a nivel provincial para explotar este recurso natural, y sugiri\u00f3 la implementaci\u00f3n de un sistema p\u00fablico-privado de avistaje desde el puerto. &#8220;Si ac\u00e1 nom\u00e1s de la costa se ve&#8221;, afirm\u00f3, refiri\u00e9ndose a las frecuentes apariciones de ballenas cerca de la orilla.<\/p>\n<p>Pasi\u00f3n por el deporte y un legado atl\u00e9tico<\/p>\n<p>Napo Acosta tambi\u00e9n comparti\u00f3 su faceta como deportista y promotor del atletismo. Aunque no pudo terminar su carrera como profesor de Educaci\u00f3n F\u00edsica, organiz\u00f3 una agrupaci\u00f3n atl\u00e9tica llamada &#8220;Sprint&#8221; en su barrio en Comodoro Rivadavia, reuniendo a m\u00e1s de 50 j\u00f3venes y adultos para entrenar y competir de forma gratuita. A pesar de los desaf\u00edos econ\u00f3micos y la gran responsabilidad, esta experiencia le dej\u00f3 un profundo aprendizaje sobre la importancia de apoyar a los deportistas, especialmente a los j\u00f3venes y adultos mayores.<\/p>\n<p>Lament\u00f3 la falta de infraestructura y apoyo al atletismo en Caleta Olivia, una ciudad con un gran potencial deportivo. Destac\u00f3 la fortaleza de los deportistas patag\u00f3nicos, forjados por el clima y las condiciones de la regi\u00f3n, y puso como ejemplo a figuras locales y nacionales que han surgido de peque\u00f1as comunidades.<\/p>\n<p>El periodismo en Argentina hoy<\/p>\n<p>Al reflexionar sobre el rol del periodista en Argentina, Napo Acosta fue contundente: &#8220;Depende donde sea, por ejemplo, pod\u00e9s ser bastante sinverg\u00fcenza&#8221;. Critic\u00f3 la existencia de &#8220;operaciones pol\u00edticas&#8221; y &#8220;medi\u00e1ticas&#8221; que buscan manipular la informaci\u00f3n y distorsionar la realidad. Sin embargo, enfatiz\u00f3 la importancia de la honestidad y la responsabilidad social del periodista, especialmente al abordar temas sensibles o al confrontar el poder.<\/p>\n<p>Acosta concluy\u00f3 la entrevista con una invitaci\u00f3n a la reflexi\u00f3n sobre el papel del periodismo en la construcci\u00f3n de una sociedad m\u00e1s informada y justa. Su vasta experiencia y su capacidad de an\u00e1lisis lo convierten en una voz autorizada para entender los matices de una profesi\u00f3n en constante evoluci\u00f3n.<\/p>\n","protected":false},"excerpt":{"rendered":"<p>En una entrevista con el programa &#8220;La voz de la ma\u00f1ana&#8221;, en Radio Ecos del Sur, el reconocido periodista Napo<\/p>\n","protected":false},"author":8,"featured_media":31791,"comment_status":"closed","ping_status":"closed","sticky":false,"template":"","format":"standard","meta":{"footnotes":""},"categories":[35],"tags":[902,903],"class_list":["post-31790","post","type-post","status-publish","format-standard","has-post-thumbnail","hentry","category-sociedad","tag-napo-acosta","tag-periodismo"],"_links":{"self":[{"href":"https:\/\/ecosdelsur.com\/index.php?rest_route=\/wp\/v2\/posts\/31790","targetHints":{"allow":["GET"]}}],"collection":[{"href":"https:\/\/ecosdelsur.com\/index.php?rest_route=\/wp\/v2\/posts"}],"about":[{"href":"https:\/\/ecosdelsur.com\/index.php?rest_route=\/wp\/v2\/types\/post"}],"author":[{"embeddable":true,"href":"https:\/\/ecosdelsur.com\/index.php?rest_route=\/wp\/v2\/users\/8"}],"replies":[{"embeddable":true,"href":"https:\/\/ecosdelsur.com\/index.php?rest_route=%2Fwp%2Fv2%2Fcomments&post=31790"}],"version-history":[{"count":0,"href":"https:\/\/ecosdelsur.com\/index.php?rest_route=\/wp\/v2\/posts\/31790\/revisions"}],"wp:featuredmedia":[{"embeddable":true,"href":"https:\/\/ecosdelsur.com\/index.php?rest_route=\/wp\/v2\/media\/31791"}],"wp:attachment":[{"href":"https:\/\/ecosdelsur.com\/index.php?rest_route=%2Fwp%2Fv2%2Fmedia&parent=31790"}],"wp:term":[{"taxonomy":"category","embeddable":true,"href":"https:\/\/ecosdelsur.com\/index.php?rest_route=%2Fwp%2Fv2%2Fcategories&post=31790"},{"taxonomy":"post_tag","embeddable":true,"href":"https:\/\/ecosdelsur.com\/index.php?rest_route=%2Fwp%2Fv2%2Ftags&post=31790"}],"curies":[{"name":"wp","href":"https:\/\/api.w.org\/{rel}","templated":true}]}}