{"id":31372,"date":"2025-05-27T16:46:09","date_gmt":"2025-05-27T16:46:09","guid":{"rendered":"https:\/\/ecosdelsur.com\/?p=31372"},"modified":"2025-05-27T22:09:59","modified_gmt":"2025-05-27T22:09:59","slug":"crisis-en-el-sector-pesquero-la-pesca-del-langostino-en-vilo-por-conflictos-de-costos","status":"publish","type":"post","link":"https:\/\/ecosdelsur.com\/?p=31372","title":{"rendered":"Crisis en el Sector Pesquero: La pesca del langostino en vilo por conflictos de costos"},"content":{"rendered":"<div class=\"itemToolbar2\">\n<p><span class=\"itemDateCreated\"><span style=\"color: #ff0000;\">Martes, 27 Mayo 2025 &#8211;<\/span> <\/span>El sector pesquero de Santa Cruz, y en particular la inminente temporada de pesca del langostino, se encuentra sumido en una profunda crisis que genera gran preocupaci\u00f3n. La controversia principal radica en el conflicto entre los empresarios de la flota congeladora y el Sindicato de Obreros Mar\u00edtimos Unidos (SOMU), con la temporada de pesca en suspenso debido a la falta de acuerdo sobre los costos operativos.<\/p>\n<\/div>\n<p><img decoding=\"async\" class=\"wp-image-31373 alignleft lazyload\" data-src=\"https:\/\/ecosdelsur.com\/wp-content\/uploads\/2025\/05\/Captura-de-pantalla-29-1024x576.png\" alt=\"\" width=\"555\" height=\"312\" data-srcset=\"https:\/\/ecosdelsur.com\/wp-content\/uploads\/2025\/05\/Captura-de-pantalla-29-scaled.png 1024w, https:\/\/ecosdelsur.com\/wp-content\/uploads\/2025\/05\/Captura-de-pantalla-29-300x169.png 300w, https:\/\/ecosdelsur.com\/wp-content\/uploads\/2025\/05\/Captura-de-pantalla-29-768x432.png 768w\" data-sizes=\"(max-width: 555px) 100vw, 555px\" src=\"data:image\/svg+xml;base64,PHN2ZyB3aWR0aD0iMSIgaGVpZ2h0PSIxIiB4bWxucz0iaHR0cDovL3d3dy53My5vcmcvMjAwMC9zdmciPjwvc3ZnPg==\" style=\"--smush-placeholder-width: 555px; --smush-placeholder-aspect-ratio: 555\/312;\" \/><\/p>\n<p>As\u00ed lo explic\u00f3 Ricardo Patterson, integrante del Consejo Federal Pesquero por la Provincia de Santa Cruz, en di\u00e1logo con &#8220;La Ma\u00f1ana de la Radio&#8221; de Roberto Murua (106.9 FM). Patterson detall\u00f3 que el problema central reside en la baja de precios del langostino a nivel internacional y el elevado costo argentino, factores que han llevado a los empresarios a exigir una reducci\u00f3n del 30% en los ingresos de los trabajadores para poder salir a faenar.<\/p>\n<p>Patterson detall\u00f3 que la ca\u00edda del precio del langostino salvaje y austral en los mercados internacionales se debe, en parte, al surgimiento del &#8220;panamei&#8221;, un langostino de cr\u00eda artificial, de menor calidad pero producido en vol\u00famenes masivos (entre 6 y 7 millones de toneladas anuales, frente a las 200-250 mil toneladas de Argentina). Sorprendentemente, este producto artificial ha llegado a valer m\u00e1s que el langostino patag\u00f3nico, impactando directamente en la rentabilidad de la pesca argentina.<img decoding=\"async\" class=\"wp-image-31394 alignright lazyload\" data-src=\"https:\/\/ecosdelsur.com\/wp-content\/uploads\/2025\/05\/patt.png\" alt=\"\" width=\"651\" height=\"379\" data-srcset=\"https:\/\/ecosdelsur.com\/wp-content\/uploads\/2025\/05\/patt.png 880w, https:\/\/ecosdelsur.com\/wp-content\/uploads\/2025\/05\/patt-300x175.png 300w, https:\/\/ecosdelsur.com\/wp-content\/uploads\/2025\/05\/patt-768x447.png 768w\" data-sizes=\"(max-width: 651px) 100vw, 651px\" src=\"data:image\/svg+xml;base64,PHN2ZyB3aWR0aD0iMSIgaGVpZ2h0PSIxIiB4bWxucz0iaHR0cDovL3d3dy53My5vcmcvMjAwMC9zdmciPjwvc3ZnPg==\" style=\"--smush-placeholder-width: 651px; --smush-placeholder-aspect-ratio: 651\/379;\" \/><\/p>\n<p>A esto se suma el &#8220;costo argentino&#8221;, que, seg\u00fan Patterson, es &#8220;muy grande&#8221; y afecta la competitividad del sector. La combinaci\u00f3n de estos factores ha llevado a los empresarios a una postura innegociable: sin una reducci\u00f3n del 30% en los costos laborales, no saldr\u00e1n a pescar. Esta situaci\u00f3n ya provoc\u00f3 la suspensi\u00f3n de la prospecci\u00f3n, paso previo al inicio de la temporada de langostino.<\/p>\n<p>Ante la rigidez del planteo empresarial y la negativa de los trabajadores a una reducci\u00f3n salarial, Patterson se\u00f1al\u00f3 que se est\u00e1n buscando otras alternativas para reducir los costos, como la disminuci\u00f3n del impuesto al combustible, la baja de derechos de extracci\u00f3n y la eliminaci\u00f3n de retenciones que, incre\u00edblemente, a\u00fan pesan sobre la pesca.<\/p>\n<p>Una luz de esperanza se vislumbra con la reuni\u00f3n prevista para el jueves en Buenos Aires, donde el Ministerio de Trabajo se encontrar\u00e1 con el SOMU y los empresarios pesqueros. Esta reuni\u00f3n, impulsada por la preocupaci\u00f3n de gobernadores, podr\u00eda significar una mayor intervenci\u00f3n del Ministerio de Econom\u00eda y, por ende, del Estado Nacional, que hasta el momento no ha actuado directamente en la cuesti\u00f3n.<\/p>\n<p>La falta de una temporada de pesca exitosa generar\u00eda un perjuicio inmenso para toda la cadena productiva, afectando a miles de trabajadores, desde los marineros (estimados en unos 400-500 en Santa Cruz y 3.000 en la flota congeladora a nivel nacional) hasta los que operan en puerto y toda la actividad comercial asociada. Adem\u00e1s, se corre el riesgo de perder mercados internacionales ya establecidos si no se cumple con la oferta del producto.<\/p>\n<p>Patterson enfatiz\u00f3 la urgencia de encontrar una &#8220;situaci\u00f3n superadora del conflicto&#8221;, donde cada parte &#8220;resignifique algo&#8221; para que la gente pueda trabajar y el sector productivo se reactive. La expectativa est\u00e1 puesta en que la reuni\u00f3n del jueves marque un antes y un despu\u00e9s, generando soluciones concretas para una crisis que amenaza con impactar la econom\u00eda regional.<\/p>\n","protected":false},"excerpt":{"rendered":"<p>Martes, 27 Mayo 2025 &#8211; El sector pesquero de Santa Cruz, y en particular la inminente temporada de pesca del<\/p>\n","protected":false},"author":8,"featured_media":31395,"comment_status":"closed","ping_status":"closed","sticky":false,"template":"","format":"standard","meta":{"footnotes":""},"categories":[33],"tags":[844,464,843],"class_list":["post-31372","post","type-post","status-publish","format-standard","has-post-thumbnail","hentry","category-politica","tag-langostino","tag-pesca","tag-ricardo-patterson"],"_links":{"self":[{"href":"https:\/\/ecosdelsur.com\/index.php?rest_route=\/wp\/v2\/posts\/31372","targetHints":{"allow":["GET"]}}],"collection":[{"href":"https:\/\/ecosdelsur.com\/index.php?rest_route=\/wp\/v2\/posts"}],"about":[{"href":"https:\/\/ecosdelsur.com\/index.php?rest_route=\/wp\/v2\/types\/post"}],"author":[{"embeddable":true,"href":"https:\/\/ecosdelsur.com\/index.php?rest_route=\/wp\/v2\/users\/8"}],"replies":[{"embeddable":true,"href":"https:\/\/ecosdelsur.com\/index.php?rest_route=%2Fwp%2Fv2%2Fcomments&post=31372"}],"version-history":[{"count":0,"href":"https:\/\/ecosdelsur.com\/index.php?rest_route=\/wp\/v2\/posts\/31372\/revisions"}],"wp:featuredmedia":[{"embeddable":true,"href":"https:\/\/ecosdelsur.com\/index.php?rest_route=\/wp\/v2\/media\/31395"}],"wp:attachment":[{"href":"https:\/\/ecosdelsur.com\/index.php?rest_route=%2Fwp%2Fv2%2Fmedia&parent=31372"}],"wp:term":[{"taxonomy":"category","embeddable":true,"href":"https:\/\/ecosdelsur.com\/index.php?rest_route=%2Fwp%2Fv2%2Fcategories&post=31372"},{"taxonomy":"post_tag","embeddable":true,"href":"https:\/\/ecosdelsur.com\/index.php?rest_route=%2Fwp%2Fv2%2Ftags&post=31372"}],"curies":[{"name":"wp","href":"https:\/\/api.w.org\/{rel}","templated":true}]}}