{"id":31366,"date":"2025-05-27T16:32:10","date_gmt":"2025-05-27T16:32:10","guid":{"rendered":"https:\/\/ecosdelsur.com\/?p=31366"},"modified":"2025-05-27T22:06:37","modified_gmt":"2025-05-27T22:06:37","slug":"misa-interreligiosa-en-caleta-olivia-un-llamado-a-la-unidad-y-profecias-de-bendicion-para-la-provincia","status":"publish","type":"post","link":"https:\/\/ecosdelsur.com\/?p=31366","title":{"rendered":"Misa Interreligiosa en Caleta Olivia: Un llamado a la unidad y profec\u00edas de bendici\u00f3n para la Provincia"},"content":{"rendered":"<div class=\"itemToolbar2\">\n<p><span class=\"itemDateCreated\" style=\"color: #ff0000;\">Martes, 27 Mayo 2025 &#8211; <\/span>La c\u00fapula del gimnasio municipal \u201cIngeniero Knudsen\u201d fue el escenario de una significativa misa interreligiosa que congreg\u00f3 a una pluralidad de credos bajo un esp\u00edritu de unidad. La ceremonia, que tuvo un valor de participaci\u00f3n diverso, reforz\u00f3 el compromiso de seguir construyendo una comunidad m\u00e1s inclusiva y solidaria en Caleta Olivia y toda la provincia de Santa Cruz.<\/p>\n<\/div>\n<p>El encuentro, organizado por el Consejo Pastoral en coordinaci\u00f3n con la Subsecretar\u00eda de Culto, dependiente de la Secretar\u00eda de Gobierno a cargo de Luis Melo, cont\u00f3 con la presencia del Gobernador Claudio Vidal, acompa\u00f1ado de funcionarios provinciales, municipales, de las fuerzas de seguridad y destacadas figuras religiosas. El Pastor Armando Arnedo fue el encargado de dar lectura a una profec\u00eda, mientras que tambi\u00e9n se hicieron presentes representantes de otras iglesias y pastorales como Luis Almonacid, Gabriel Peguero y Ra\u00fal Dom\u00ednguez.<\/p>\n<p><img decoding=\"async\" class=\"alignnone size-full wp-image-31369 lazyload\" data-src=\"https:\/\/ecosdelsur.com\/wp-content\/uploads\/2025\/05\/WhatsApp-Image-2025-05-26-at-7.58.05-PM.jpeg\" alt=\"\" width=\"1024\" height=\"683\" data-srcset=\"https:\/\/ecosdelsur.com\/wp-content\/uploads\/2025\/05\/WhatsApp-Image-2025-05-26-at-7.58.05-PM.jpeg 1024w, https:\/\/ecosdelsur.com\/wp-content\/uploads\/2025\/05\/WhatsApp-Image-2025-05-26-at-7.58.05-PM-300x200.jpeg 300w, https:\/\/ecosdelsur.com\/wp-content\/uploads\/2025\/05\/WhatsApp-Image-2025-05-26-at-7.58.05-PM-768x512.jpeg 768w\" data-sizes=\"(max-width: 1024px) 100vw, 1024px\" src=\"data:image\/svg+xml;base64,PHN2ZyB3aWR0aD0iMSIgaGVpZ2h0PSIxIiB4bWxucz0iaHR0cDovL3d3dy53My5vcmcvMjAwMC9zdmciPjwvc3ZnPg==\" style=\"--smush-placeholder-width: 1024px; --smush-placeholder-aspect-ratio: 1024\/683;\" \/><\/p>\n<p><strong>Un recuerdo prof\u00e9tico y su impacto<\/strong><\/p>\n<p>Durante su intervenci\u00f3n, el Pastor Arnedo rememor\u00f3 un evento trascendental ocurrido en el mismo escenario en el a\u00f1o 2013, cuando el profeta internacional Ronny Ch\u00e1vez, presidente de la Asociaci\u00f3n Cristiana Panamericana y pastor principal del Centro Cristiano San Jos\u00e9 de Costa Rica, solt\u00f3 una profec\u00eda sobre Caleta Olivia.<\/p>\n<p>Arnedo destac\u00f3 la importancia de aquel momento, recordando una nota oficial enviada por el entonces Gobernador Daniel Peralta, quien declar\u00f3 al Ap\u00f3stol Ronny Ch\u00e1vez &#8220;Visitante Ilustre y de Honor de la Provincia&#8221;. Esta declaraci\u00f3n, que sorprendi\u00f3 a muchos en su momento, sirvi\u00f3 como aval para una palabra prof\u00e9tica que, seg\u00fan Arnedo, &#8220;ya est\u00e1 transitando y haci\u00e9ndose realidad&#8221;.<img decoding=\"async\" class=\"alignnone size-full wp-image-31297 lazyload\" data-src=\"https:\/\/ecosdelsur.com\/wp-content\/uploads\/2025\/05\/mayo-4.jpg\" alt=\"\" width=\"1024\" height=\"647\" data-srcset=\"https:\/\/ecosdelsur.com\/wp-content\/uploads\/2025\/05\/mayo-4.jpg 1024w, https:\/\/ecosdelsur.com\/wp-content\/uploads\/2025\/05\/mayo-4-300x190.jpg 300w, https:\/\/ecosdelsur.com\/wp-content\/uploads\/2025\/05\/mayo-4-768x485.jpg 768w\" data-sizes=\"(max-width: 1024px) 100vw, 1024px\" src=\"data:image\/svg+xml;base64,PHN2ZyB3aWR0aD0iMSIgaGVpZ2h0PSIxIiB4bWxucz0iaHR0cDovL3d3dy53My5vcmcvMjAwMC9zdmciPjwvc3ZnPg==\" style=\"--smush-placeholder-width: 1024px; --smush-placeholder-aspect-ratio: 1024\/647;\" \/><\/p>\n<p>Caleta Olivia: &#8220;Pie de Argentina&#8221; y epicentro de la bendici\u00f3n<\/p>\n<p>La profec\u00eda original, y reiterada en esta misa, posiciona a Caleta Olivia como un &#8220;punto geogr\u00e1fico central&#8221; de Santa Cruz y los &#8220;pies de Argentina&#8221;, desde donde emanar\u00e1n bendiciones para toda la Rep\u00fablica. Se augura una &#8220;explosi\u00f3n econ\u00f3mica&#8221; y una &#8220;bendici\u00f3n financiera&#8221; sobre la provincia y la ciudad. &#8220;Todo lo bueno que le va a suceder a la Argentina primero va a suceder en Caleta&#8221;, afirm\u00f3 el Pastor Arnedo, anticipando sanidad profunda, crecimiento de las iglesias y la sanaci\u00f3n de la ciudad.<\/p>\n<p>Adem\u00e1s, se mencion\u00f3 una &#8220;unci\u00f3n de arrebato&#8221; que mover\u00e1 a la provincia, e incluso se proyecta un cambio de gobierno como parte de los designios divinos. El Pastor Arnedo subray\u00f3 que la gesti\u00f3n del exgobernador Peralta inici\u00f3 este camino al honrar a un hombre de Dios, y ahora es responsabilidad del actual gobierno &#8220;continuar y ver con sus propios ojos c\u00f3mo Dios va a bendecir no solo su gesti\u00f3n, sino toda la provincia de Santa Cruz&#8221;.<\/p>\n<p><img decoding=\"async\" class=\"alignnone size-full wp-image-31370 lazyload\" data-src=\"https:\/\/ecosdelsur.com\/wp-content\/uploads\/2025\/05\/WhatsApp-Image-2025-05-26-at-7.58.05-PM-1.jpeg\" alt=\"\" width=\"1024\" height=\"610\" data-srcset=\"https:\/\/ecosdelsur.com\/wp-content\/uploads\/2025\/05\/WhatsApp-Image-2025-05-26-at-7.58.05-PM-1.jpeg 1024w, https:\/\/ecosdelsur.com\/wp-content\/uploads\/2025\/05\/WhatsApp-Image-2025-05-26-at-7.58.05-PM-1-300x179.jpeg 300w, https:\/\/ecosdelsur.com\/wp-content\/uploads\/2025\/05\/WhatsApp-Image-2025-05-26-at-7.58.05-PM-1-768x458.jpeg 768w\" data-sizes=\"(max-width: 1024px) 100vw, 1024px\" src=\"data:image\/svg+xml;base64,PHN2ZyB3aWR0aD0iMSIgaGVpZ2h0PSIxIiB4bWxucz0iaHR0cDovL3d3dy53My5vcmcvMjAwMC9zdmciPjwvc3ZnPg==\" style=\"--smush-placeholder-width: 1024px; --smush-placeholder-aspect-ratio: 1024\/610;\" \/><\/p>\n<p>El Ap\u00f3stol Manuel Laguna tambi\u00e9n se sum\u00f3 a las palabras de fe, confirmando la &#8220;unci\u00f3n de arrebatos&#8221; en la ciudad y revelando que la visita del Ap\u00f3stol Ronny Ch\u00e1vez a Caleta Olivia en 2013 no estaba en sus planes iniciales, sino que fue una insistencia de Dios que la llev\u00f3 a la &#8220;puerta de la provincia de Santa Cruz&#8221; para ser recibida por la m\u00e1xima autoridad.<\/p>\n<p>La ceremonia concluy\u00f3 con una declaraci\u00f3n contundente: &#8220;Establecemos el reino de Dios en Caleta Olivia y en Santa Cruz y entronamos a Jesucristo como Se\u00f1or de Caleta Olivia y como Se\u00f1or de Santa Cruz&#8221;. Un evento que, m\u00e1s all\u00e1 de lo religioso, busca inspirar la unidad y la esperanza en el futuro de la regi\u00f3n.<\/p>\n","protected":false},"excerpt":{"rendered":"<p>Martes, 27 Mayo 2025 &#8211; La c\u00fapula del gimnasio municipal \u201cIngeniero Knudsen\u201d fue el escenario de una significativa misa interreligiosa<\/p>\n","protected":false},"author":8,"featured_media":31367,"comment_status":"closed","ping_status":"closed","sticky":false,"template":"","format":"standard","meta":{"footnotes":""},"categories":[35],"tags":[60,842],"class_list":["post-31366","post","type-post","status-publish","format-standard","has-post-thumbnail","hentry","category-sociedad","tag-caleta-olivia","tag-misa-interreligiosa"],"_links":{"self":[{"href":"https:\/\/ecosdelsur.com\/index.php?rest_route=\/wp\/v2\/posts\/31366","targetHints":{"allow":["GET"]}}],"collection":[{"href":"https:\/\/ecosdelsur.com\/index.php?rest_route=\/wp\/v2\/posts"}],"about":[{"href":"https:\/\/ecosdelsur.com\/index.php?rest_route=\/wp\/v2\/types\/post"}],"author":[{"embeddable":true,"href":"https:\/\/ecosdelsur.com\/index.php?rest_route=\/wp\/v2\/users\/8"}],"replies":[{"embeddable":true,"href":"https:\/\/ecosdelsur.com\/index.php?rest_route=%2Fwp%2Fv2%2Fcomments&post=31366"}],"version-history":[{"count":0,"href":"https:\/\/ecosdelsur.com\/index.php?rest_route=\/wp\/v2\/posts\/31366\/revisions"}],"wp:featuredmedia":[{"embeddable":true,"href":"https:\/\/ecosdelsur.com\/index.php?rest_route=\/wp\/v2\/media\/31367"}],"wp:attachment":[{"href":"https:\/\/ecosdelsur.com\/index.php?rest_route=%2Fwp%2Fv2%2Fmedia&parent=31366"}],"wp:term":[{"taxonomy":"category","embeddable":true,"href":"https:\/\/ecosdelsur.com\/index.php?rest_route=%2Fwp%2Fv2%2Fcategories&post=31366"},{"taxonomy":"post_tag","embeddable":true,"href":"https:\/\/ecosdelsur.com\/index.php?rest_route=%2Fwp%2Fv2%2Ftags&post=31366"}],"curies":[{"name":"wp","href":"https:\/\/api.w.org\/{rel}","templated":true}]}}