{"id":31339,"date":"2025-05-26T23:52:14","date_gmt":"2025-05-26T23:52:14","guid":{"rendered":"https:\/\/ecosdelsur.com\/?p=31339"},"modified":"2025-05-26T23:55:31","modified_gmt":"2025-05-26T23:55:31","slug":"aparicio-participo-en-encuentro-de-concejales-y-diputados","status":"publish","type":"post","link":"https:\/\/ecosdelsur.com\/?p=31339","title":{"rendered":"Aparicio particip\u00f3 en encuentro de concejales y diputados"},"content":{"rendered":"<div class=\"row\">\n<div class=\"col-xs-12\"><span style=\"color: #ff0000;\">Lunes, 26 Mayo 2025\u00a0 &#8211; <\/span>En un contexto provincial y nacional marcado por el ajuste y la retracci\u00f3n del Estado, concejales y legisladores de distintas localidades santacruce\u00f1as se reunieron el pasado fin de semana en El Chalt\u00e9n.<\/div>\n<div>\n<p>El encuentro fue organizado por el Concejo Deliberante de esa localidad y durante las deliberaciones se plante\u00f3 la situaci\u00f3n cr\u00edtica que atraviesan los municipios por el desfinanciamiento, el estancamiento de la obra p\u00fablica, la falta de acceso a servicios b\u00e1sicos y una creciente demanda social sin respuestas concretas desde los gobiernos nacional y provincial.<\/p>\n<p>Entre los participantes se destac\u00f3 la presencia del concejal justicialista caletense Carlos Aparicio, quien expres\u00f3 que \u201cel abandono del rol del Estado se ve en la salud, en la educaci\u00f3n, en la falta de empleo y en la paralizaci\u00f3n de la obra p\u00fablica. Esto es algo que Caleta Olivia lo padece todos los d\u00edas\u201d.<\/p>\n<p>En este contexto, los concejales y diputados coincidieron en que el Gobierno Provincial debe convocar de manera urgente a todos los municipios \u201csin discriminaci\u00f3n pol\u00edtica, con voluntad de di\u00e1logo y soluciones concretas\u201d.<\/p>\n<p>En el plano productivo, se habl\u00f3 sobre el impacto del ajuste en sectores como la pesca, la miner\u00eda, el turismo y el petr\u00f3leo, as\u00ed como la necesidad de fomentar el emprendedurismo y fortalecer las econom\u00edas locales.<\/p>\n<p>Tambi\u00e9n se abordaron problem\u00e1ticas ambientales vinculadas a la gesti\u00f3n de residuos, los recursos naturales, la protecci\u00f3n de \u00e1reas ambientales y el impulso a energ\u00edas renovables, con la mirada puesta en una pol\u00edtica provincial m\u00e1s activa y articulada con los municipios.<\/p>\n<\/div>\n<\/div>\n","protected":false},"excerpt":{"rendered":"<p>Lunes, 26 Mayo 2025\u00a0 &#8211; En un contexto provincial y nacional marcado por el ajuste y la retracci\u00f3n del Estado,<\/p>\n","protected":false},"author":8,"featured_media":31340,"comment_status":"closed","ping_status":"closed","sticky":false,"template":"","format":"standard","meta":{"footnotes":""},"categories":[33],"tags":[],"class_list":["post-31339","post","type-post","status-publish","format-standard","has-post-thumbnail","hentry","category-politica"],"_links":{"self":[{"href":"https:\/\/ecosdelsur.com\/index.php?rest_route=\/wp\/v2\/posts\/31339","targetHints":{"allow":["GET"]}}],"collection":[{"href":"https:\/\/ecosdelsur.com\/index.php?rest_route=\/wp\/v2\/posts"}],"about":[{"href":"https:\/\/ecosdelsur.com\/index.php?rest_route=\/wp\/v2\/types\/post"}],"author":[{"embeddable":true,"href":"https:\/\/ecosdelsur.com\/index.php?rest_route=\/wp\/v2\/users\/8"}],"replies":[{"embeddable":true,"href":"https:\/\/ecosdelsur.com\/index.php?rest_route=%2Fwp%2Fv2%2Fcomments&post=31339"}],"version-history":[{"count":0,"href":"https:\/\/ecosdelsur.com\/index.php?rest_route=\/wp\/v2\/posts\/31339\/revisions"}],"wp:featuredmedia":[{"embeddable":true,"href":"https:\/\/ecosdelsur.com\/index.php?rest_route=\/wp\/v2\/media\/31340"}],"wp:attachment":[{"href":"https:\/\/ecosdelsur.com\/index.php?rest_route=%2Fwp%2Fv2%2Fmedia&parent=31339"}],"wp:term":[{"taxonomy":"category","embeddable":true,"href":"https:\/\/ecosdelsur.com\/index.php?rest_route=%2Fwp%2Fv2%2Fcategories&post=31339"},{"taxonomy":"post_tag","embeddable":true,"href":"https:\/\/ecosdelsur.com\/index.php?rest_route=%2Fwp%2Fv2%2Ftags&post=31339"}],"curies":[{"name":"wp","href":"https:\/\/api.w.org\/{rel}","templated":true}]}}