{"id":31333,"date":"2025-05-26T23:38:56","date_gmt":"2025-05-26T23:38:56","guid":{"rendered":"https:\/\/ecosdelsur.com\/?p=31333"},"modified":"2025-05-26T23:38:56","modified_gmt":"2025-05-26T23:38:56","slug":"el-gobierno-inauguro-la-obra-de-terminacion-del-centro-de-integracion-comunitaria-de-perito-moreno","status":"publish","type":"post","link":"https:\/\/ecosdelsur.com\/?p=31333","title":{"rendered":"El Gobierno inaugur\u00f3 la obra de terminaci\u00f3n del Centro de Integraci\u00f3n Comunitaria de Perito Moreno"},"content":{"rendered":"<div class=\"itemToolbar2\">\n<p><span class=\"itemDateCreated\"><span style=\"color: #ff0000;\">Lunes, 26 Mayo 2025 &#8211;<\/span> <\/span>Autoridades del Ejecutivo Provincial llegaron hoy a Perito Moreno, donde fueron recibidos por el intendente Mat\u00edas Treppo y la comunidad. En la oportunidad adem\u00e1s de desarrollar una importante agenda de trabajo, participaron de la inauguraci\u00f3n de la terminaci\u00f3n del Centro de Integraci\u00f3n Comunitaria de la localidad, una obra que estuvo postergada por a\u00f1os y hoy ya es una realidad para la comunidad.<img decoding=\"async\" class=\"size-full wp-image-31334 aligncenter lazyload\" data-src=\"https:\/\/ecosdelsur.com\/wp-content\/uploads\/2025\/05\/cic.jpg\" alt=\"\" width=\"880\" height=\"526\" data-srcset=\"https:\/\/ecosdelsur.com\/wp-content\/uploads\/2025\/05\/cic.jpg 880w, https:\/\/ecosdelsur.com\/wp-content\/uploads\/2025\/05\/cic-300x179.jpg 300w, https:\/\/ecosdelsur.com\/wp-content\/uploads\/2025\/05\/cic-768x459.jpg 768w\" data-sizes=\"(max-width: 880px) 100vw, 880px\" src=\"data:image\/svg+xml;base64,PHN2ZyB3aWR0aD0iMSIgaGVpZ2h0PSIxIiB4bWxucz0iaHR0cDovL3d3dy53My5vcmcvMjAwMC9zdmciPjwvc3ZnPg==\" style=\"--smush-placeholder-width: 880px; --smush-placeholder-aspect-ratio: 880\/526;\" \/><\/p>\n<\/div>\n<div class=\"itemFullText\">\n<p>El jefe de Gabinete de Ministros, Daniel \u00c1lvarez; la ministra de Desarrollo Social, Igualdad e Integraci\u00f3n, Luisa C\u00e1rdenas; el presidente del Instituto de Desarrollo Urbano y Vivienda (IDUV), Cristian Mansilla; el presidente de la Administraci\u00f3n General de Vialidad Provincial, Julio Bujer; y el intendente Mat\u00edas Treppo, inauguraron hoy la terminaci\u00f3n del Centro Integrador Comunitario de Perito Moreno. Se trata una obra de 400 metros cuadrados y requiri\u00f3 una inversi\u00f3n de $264.827.271,36.- La misma se hizo realidad a trav\u00e9s de un trabajo conjunto entre el Gobierno de Santa Cruz y el Municipio.<img decoding=\"async\" class=\"alignnone size-full wp-image-31337 lazyload\" data-src=\"https:\/\/ecosdelsur.com\/wp-content\/uploads\/2025\/05\/cic3.jpeg\" alt=\"\" width=\"1024\" height=\"671\" data-srcset=\"https:\/\/ecosdelsur.com\/wp-content\/uploads\/2025\/05\/cic3.jpeg 1024w, https:\/\/ecosdelsur.com\/wp-content\/uploads\/2025\/05\/cic3-300x197.jpeg 300w, https:\/\/ecosdelsur.com\/wp-content\/uploads\/2025\/05\/cic3-768x503.jpeg 768w\" data-sizes=\"(max-width: 1024px) 100vw, 1024px\" src=\"data:image\/svg+xml;base64,PHN2ZyB3aWR0aD0iMSIgaGVpZ2h0PSIxIiB4bWxucz0iaHR0cDovL3d3dy53My5vcmcvMjAwMC9zdmciPjwvc3ZnPg==\" style=\"--smush-placeholder-width: 1024px; --smush-placeholder-aspect-ratio: 1024\/671;\" \/><\/p>\n<p>Adem\u00e1s, se sumaron a la habilitaci\u00f3n de la misma, insumos y equipamiento que fueron adquiridos gracias a un contrato celebrado entre la Municipalidad de Perito Moreno y la empresa Oroplata S.A., consistentes en una camilla de examen, un estetoscopio doble, una vitrina, una balanza mec\u00e1nica, una mesa de curaciones, mobiliario, entre otros<\/p>\n<p>Es importante destacar que el edificio fue proyectado para la construcci\u00f3n de 4 consultorios con sus respectivos sanitarios para la atenci\u00f3n perif\u00e9rica, 1 una sala de enfermer\u00eda, 1 una sala de admisi\u00f3n y farmacia, 2 oficinas de administraci\u00f3n de \u00e1rea social, 2 aulas para trabajos comunitarios, 1 hall de ingreso y sanitarios de hombres y mujeres.<\/p>\n<p>En ese contexto, el intendente Treppo agradeci\u00f3 la presencia de los funcionarios presentes como s\u00ed tambi\u00e9n de los vecinos que acompa\u00f1aron el acto. \u201cPara m\u00ed es un honor poder estar en este momento inaugurando esta obra. No deja de ser un orgullo y detr\u00e1s de estas palabras hay mucho trabajo. No puedo dejar de agradecer a mi equipo de trabajo porque apenas asumimos la gesti\u00f3n para guiar los destinos de esta localidad, nos propusimos terminar esta obra. A partir de hoy, estamos escribiendo otra historia\u201d, expres\u00f3. Asimismo, dijo: \u201cEste Centro de Integraci\u00f3n Comunitaria tiene como objetivo, generar la atenci\u00f3n que nuestros vecinos necesitan. sobre todo, integrarnos desde la salud y los aspectos sociales y culturales\u201d.<\/p>\n<p>\u201cTener este CIC en funcionamiento es enorgullecedor. En lugar de mirar hacia atr\u00e1s, elijo mirar hacia adelante y por sobre todas las cosas destacar que hubo mucho trabajo. Quiero agradecer al presidente del Instituto de Desarrollo Urbano y Vivienda (IDUV), Cristian Mansilla porque siempre atendi\u00f3 nuestro llamado. Detr\u00e1s de cada llamado, hay una gesti\u00f3n\u201d, manifest\u00f3 Treppo en otra parte de su alocuci\u00f3n.<\/p>\n<p>Por su parte, la ministra de Desarrollo Social, Igualdad e Integraci\u00f3n, Luisa C\u00e1rdenas, resalt\u00f3 que hoy es un d\u00eda muy especial porque hoy se abrieron las puertas de un espacio de contenci\u00f3n y acompa\u00f1amiento, donde se trabajar\u00e1 de manera articulada entre Provincia y Municipio. \u201cEsto forma parte de la l\u00ednea del gobernador Claudio Vidal que nos solicita que trabajemos en el territorio y lleguemos a cada lugar de la provincia. Desde el Ministerio de Desarrollo Social, Igual e Integraci\u00f3n, trabajamos d\u00eda a d\u00eda para que las pol\u00edticas p\u00fablicas a trav\u00e9s de los Centros Integradores Comunitarios y los Municipios, lleguen a cada titular de derecho\u201d, remarc\u00f3. En ese sentido, agreg\u00f3 \u201ceste CIC no solo se emplear\u00e1 para el desarrollo de actividades y programas, sino que ser\u00e1 un espacio de inclusi\u00f3n donde se trabajar\u00e1 con los vecinos.<\/p>\n<p>A las palabras del intendente Treppo y la ministra C\u00e1rdenas se sumaron los conceptos del jefe de Gabinete de Ministros, Daniel \u00c1lvarez, quien tuvo una sentida reflexi\u00f3n sobre quienes nos precedieron sobre todo porque dejaron la vara muy alta que insta a seguir trabajando. \u201cHoy estamos inaugurando una obra nueva para nuestro pueblo, nos llena de emoci\u00f3n y orgullo. Por eso, tenemos que seguir nosotros con el ejemplo que nos dejaron para que nuestros hijos sepan de que se trata una sociedad mejor. Una sociedad no tiene que dar lugar a las antinomias y a estar separados porque solo nos hace perder el tiempo como sociedad. Si aprendemos de los errores del pasado. Seguramente vamos a construir una sociedad mejor para nuestros hijos y nietos. Nuestro Gobernador ha marcado un eje y rumbo de trabajo hacia adelante\u201d, sostuvo.<\/p>\n<p>Adem\u00e1s, estuvieron presentes en la ocasi\u00f3n, ediles de la localidad, la intendenta de Los Antiguos, Zulma Neira; el presidente de la Comisi\u00f3n de Fomento de Lago Posadas, Rub\u00e9n Guzm\u00e1n; autoridades de IDUV en Zona Norte; y la comunidad de Perito Moreno.<\/p>\n<\/div>\n","protected":false},"excerpt":{"rendered":"<p>Lunes, 26 Mayo 2025 &#8211; Autoridades del Ejecutivo Provincial llegaron hoy a Perito Moreno, donde fueron recibidos por el intendente<\/p>\n","protected":false},"author":8,"featured_media":31336,"comment_status":"closed","ping_status":"closed","sticky":false,"template":"","format":"standard","meta":{"footnotes":""},"categories":[33],"tags":[],"class_list":["post-31333","post","type-post","status-publish","format-standard","has-post-thumbnail","hentry","category-politica"],"_links":{"self":[{"href":"https:\/\/ecosdelsur.com\/index.php?rest_route=\/wp\/v2\/posts\/31333","targetHints":{"allow":["GET"]}}],"collection":[{"href":"https:\/\/ecosdelsur.com\/index.php?rest_route=\/wp\/v2\/posts"}],"about":[{"href":"https:\/\/ecosdelsur.com\/index.php?rest_route=\/wp\/v2\/types\/post"}],"author":[{"embeddable":true,"href":"https:\/\/ecosdelsur.com\/index.php?rest_route=\/wp\/v2\/users\/8"}],"replies":[{"embeddable":true,"href":"https:\/\/ecosdelsur.com\/index.php?rest_route=%2Fwp%2Fv2%2Fcomments&post=31333"}],"version-history":[{"count":0,"href":"https:\/\/ecosdelsur.com\/index.php?rest_route=\/wp\/v2\/posts\/31333\/revisions"}],"wp:featuredmedia":[{"embeddable":true,"href":"https:\/\/ecosdelsur.com\/index.php?rest_route=\/wp\/v2\/media\/31336"}],"wp:attachment":[{"href":"https:\/\/ecosdelsur.com\/index.php?rest_route=%2Fwp%2Fv2%2Fmedia&parent=31333"}],"wp:term":[{"taxonomy":"category","embeddable":true,"href":"https:\/\/ecosdelsur.com\/index.php?rest_route=%2Fwp%2Fv2%2Fcategories&post=31333"},{"taxonomy":"post_tag","embeddable":true,"href":"https:\/\/ecosdelsur.com\/index.php?rest_route=%2Fwp%2Fv2%2Ftags&post=31333"}],"curies":[{"name":"wp","href":"https:\/\/api.w.org\/{rel}","templated":true}]}}