{"id":31330,"date":"2025-05-26T21:33:39","date_gmt":"2025-05-26T21:33:39","guid":{"rendered":"https:\/\/ecosdelsur.com\/?p=31330"},"modified":"2025-05-27T02:58:13","modified_gmt":"2025-05-27T02:58:13","slug":"adosac-denuncia-graves-deficiencias-en-la-educacion-publica-santacrucena-y-demanda-soluciones-urgentes","status":"publish","type":"post","link":"https:\/\/ecosdelsur.com\/?p=31330","title":{"rendered":"ADOSAC denuncia graves deficiencias en la educaci\u00f3n p\u00fablica santacruce\u00f1a y demanda soluciones urgentes"},"content":{"rendered":"<div class=\"itemToolbar2\">\n<p><span class=\"itemDateCreated\" style=\"color: #ff0000;\">Lunes, 26 Mayo 2025 &#8211; <\/span>La situaci\u00f3n de la educaci\u00f3n p\u00fablica en Santa Cruz sigue siendo motivo de profunda preocupaci\u00f3n para los gremios docentes. C\u00e9sar Alegre, referente de la Asociaci\u00f3n Docentes de Santa Cruz (ADOSAC), convers\u00f3 con Ecos Noticias y expuso un crudo panorama sobre las condiciones edilicias y la falta de di\u00e1logo con las autoridades, haciendo un llamado a los padres para que visibilicen la realidad que atraviesan las escuelas.<\/p>\n<\/div>\n<p>Alegre enfatiz\u00f3 la importancia de que los padres &#8220;se manifiesten, dando a conocer lo que realmente sucede en las escuelas&#8221;. El referente de ADOSAC, que hist\u00f3ricamente ha denunciado estas problem\u00e1ticas, subray\u00f3 las precarias condiciones edilicias: &#8220;Calefacci\u00f3n, calderas, goteras, cloacas, nos encontramos con un mont\u00f3n de edificios escolares que no est\u00e1n en condiciones para desarrollar el aprendizaje en los alumnos&#8221;.<\/p>\n<p>La gravedad de la situaci\u00f3n fue nuevamente expuesta por un grupo de docentes de la filial Caleta Olivia que se manifest\u00f3 durante el acto central del 25 de Mayo en la ciudad. Alegre critic\u00f3 que la &#8220;fiesta patri\u00f3tica demand\u00f3 mucha plata y se podr\u00eda haber invertido en las instituciones escolares&#8221;, lamentando que los docentes manifestantes &#8220;ni siquiera han recibido el saludo de las autoridades&#8221;.<\/p>\n<p>ADOSAC llev\u00f3 sus reclamos al Consejo Provincial de Educaci\u00f3n el pasado jueves, en el marco de una jornada de lucha nacional de CTERA, que incluy\u00f3 un paro de 24 horas en conjunto con ATE. Alegre expres\u00f3 la frustraci\u00f3n por la lentitud en las negociaciones paritarias.<\/p>\n<p>&#8220;Quedamos en reunirnos despu\u00e9s de paritarias, no quer\u00edamos reunirnos cada mes, pero as\u00ed lo estableci\u00f3 el gobierno&#8221; se\u00f1al\u00f3 Alegre, detallando un cronograma que dificulta el avance: &#8220;El 15 de mayo fue la \u00faltima vez que nos reunimos, ahora ser\u00e1 el 19 de junio y tenemos la paritaria en julio. Pasa un mes para que nos den respuesta, y el di\u00e1logo es medio complejo de esta manera&#8221;.<\/p>\n<p>El gremialista fue enf\u00e1tico al decir que desde el gremio no buscan reuniones para &#8220;dilatar la paritaria&#8221;, sino que su objetivo es &#8220;tratar las diferentes problem\u00e1ticas que tenemos&#8221;. Alegre afirm\u00f3 la buena fe de ADOSAC: &#8220;Para nosotros siempre estuvimos de buena fe, no venimos a poner palos en la rueda, pero no se sientan a solucionar las problem\u00e1ticas de las escuelas y de nuestros compa\u00f1eros&#8221;.<\/p>\n<p>En cuanto a las pr\u00f3ximas acciones, ADOSAC est\u00e1 a la espera de una reuni\u00f3n con CTERA a nivel nacional. A nivel provincial, tienen previsto un congreso el pr\u00f3ximo mi\u00e9rcoles.<\/p>\n<p>Adem\u00e1s de las medidas de fuerza, el gremio continuar\u00e1 con otras actividades y reuniones. Alegre anunci\u00f3 que a principios de junio se realizar\u00e1 un &#8220;centro de estudio&#8221; con cursos y capacitaciones para los docentes, cuyas inscripciones se dar\u00e1n a conocer pr\u00f3ximamente.<\/p>\n<p>Finalmente, advirti\u00f3 que, &#8220;atento a lo que suceda a nivel nacional y provincial&#8221;, se podr\u00edan realizar nuevas medidas de fuerza, dejando en claro que la lucha por una educaci\u00f3n p\u00fablica de calidad en Santa Cruz no cesar\u00e1.<\/p>\n","protected":false},"excerpt":{"rendered":"<p>Lunes, 26 Mayo 2025 &#8211; La situaci\u00f3n de la educaci\u00f3n p\u00fablica en Santa Cruz sigue siendo motivo de profunda preocupaci\u00f3n<\/p>\n","protected":false},"author":8,"featured_media":31351,"comment_status":"closed","ping_status":"closed","sticky":false,"template":"","format":"standard","meta":{"footnotes":""},"categories":[90],"tags":[70,60,836],"class_list":["post-31330","post","type-post","status-publish","format-standard","has-post-thumbnail","hentry","category-educacion-2","tag-adosac","tag-caleta-olivia","tag-cesar-alegre"],"_links":{"self":[{"href":"https:\/\/ecosdelsur.com\/index.php?rest_route=\/wp\/v2\/posts\/31330","targetHints":{"allow":["GET"]}}],"collection":[{"href":"https:\/\/ecosdelsur.com\/index.php?rest_route=\/wp\/v2\/posts"}],"about":[{"href":"https:\/\/ecosdelsur.com\/index.php?rest_route=\/wp\/v2\/types\/post"}],"author":[{"embeddable":true,"href":"https:\/\/ecosdelsur.com\/index.php?rest_route=\/wp\/v2\/users\/8"}],"replies":[{"embeddable":true,"href":"https:\/\/ecosdelsur.com\/index.php?rest_route=%2Fwp%2Fv2%2Fcomments&post=31330"}],"version-history":[{"count":0,"href":"https:\/\/ecosdelsur.com\/index.php?rest_route=\/wp\/v2\/posts\/31330\/revisions"}],"wp:featuredmedia":[{"embeddable":true,"href":"https:\/\/ecosdelsur.com\/index.php?rest_route=\/wp\/v2\/media\/31351"}],"wp:attachment":[{"href":"https:\/\/ecosdelsur.com\/index.php?rest_route=%2Fwp%2Fv2%2Fmedia&parent=31330"}],"wp:term":[{"taxonomy":"category","embeddable":true,"href":"https:\/\/ecosdelsur.com\/index.php?rest_route=%2Fwp%2Fv2%2Fcategories&post=31330"},{"taxonomy":"post_tag","embeddable":true,"href":"https:\/\/ecosdelsur.com\/index.php?rest_route=%2Fwp%2Fv2%2Ftags&post=31330"}],"curies":[{"name":"wp","href":"https:\/\/api.w.org\/{rel}","templated":true}]}}