{"id":30793,"date":"2025-05-13T04:30:41","date_gmt":"2025-05-13T04:30:41","guid":{"rendered":"https:\/\/ecosdelsur.com\/?p=30793"},"modified":"2025-05-13T04:30:41","modified_gmt":"2025-05-13T04:30:41","slug":"gremio-y-mutual-de-petroleros-inauguraron-proveeduria-express","status":"publish","type":"post","link":"https:\/\/ecosdelsur.com\/?p=30793","title":{"rendered":"Gremio y mutual de petroleros inauguraron proveedur\u00eda express"},"content":{"rendered":"<header>\n<div class=\"row\">\n<div class=\"col-xs-12\">\n<div class=\"itemToolbar2\">\n<p><span class=\"itemDateCreated\"><span style=\"color: #ff0000;\">Lunes, 12 Mayo 2025 &#8211;<\/span> <\/span>Est\u00e1 ubicada en la zona del camping que el gremio petrolero de Santa Cruz pose en la zona costanera de Caleta Olivia, con su frente hacia la Ruta 3 y en cercan\u00edas del populoso barrio 2 de Abril.<img decoding=\"async\" class=\"alignnone size-full wp-image-30795 lazyload\" data-src=\"https:\/\/ecosdelsur.com\/wp-content\/uploads\/2025\/05\/RAAFA-6.jpg\" alt=\"\" width=\"1024\" height=\"683\" data-srcset=\"https:\/\/ecosdelsur.com\/wp-content\/uploads\/2025\/05\/RAAFA-6.jpg 1024w, https:\/\/ecosdelsur.com\/wp-content\/uploads\/2025\/05\/RAAFA-6-300x200.jpg 300w, https:\/\/ecosdelsur.com\/wp-content\/uploads\/2025\/05\/RAAFA-6-768x512.jpg 768w\" data-sizes=\"(max-width: 1024px) 100vw, 1024px\" src=\"data:image\/svg+xml;base64,PHN2ZyB3aWR0aD0iMSIgaGVpZ2h0PSIxIiB4bWxucz0iaHR0cDovL3d3dy53My5vcmcvMjAwMC9zdmciPjwvc3ZnPg==\" style=\"--smush-placeholder-width: 1024px; --smush-placeholder-aspect-ratio: 1024\/683;\" \/><\/p>\n<\/div>\n<\/div>\n<\/div>\n<\/header>\n<div class=\"cuerpo clearfix\">\n<p>Es el segundo local comercial de su tipo que existe en la Ciudad del Gorosito, pero en este caso de menores dimensiones, de un total de seis que el gremio y su Mutual 12 de Septiembre habilitaron tanto en esta ciudad como en R\u00edo Gallegos, Las Heras y Pico Truncado.<img decoding=\"async\" class=\"alignnone size-full wp-image-30796 lazyload\" data-src=\"https:\/\/ecosdelsur.com\/wp-content\/uploads\/2025\/05\/RAAFA-7.jpg\" alt=\"\" width=\"1024\" height=\"683\" data-srcset=\"https:\/\/ecosdelsur.com\/wp-content\/uploads\/2025\/05\/RAAFA-7.jpg 1024w, https:\/\/ecosdelsur.com\/wp-content\/uploads\/2025\/05\/RAAFA-7-300x200.jpg 300w, https:\/\/ecosdelsur.com\/wp-content\/uploads\/2025\/05\/RAAFA-7-768x512.jpg 768w\" data-sizes=\"(max-width: 1024px) 100vw, 1024px\" src=\"data:image\/svg+xml;base64,PHN2ZyB3aWR0aD0iMSIgaGVpZ2h0PSIxIiB4bWxucz0iaHR0cDovL3d3dy53My5vcmcvMjAwMC9zdmciPjwvc3ZnPg==\" style=\"--smush-placeholder-width: 1024px; --smush-placeholder-aspect-ratio: 1024\/683;\" \/><\/p>\n<p>Los precios inauguraci\u00f3n de los productos de almac\u00e9n y de otros rubros son los m\u00e1s bajos de plaza, pero adem\u00e1s se instrument\u00f3 otro beneficio para todos los vecinos sin necesidad de ser afiliados.<\/p>\n<p>A partir de ahora podr\u00e1n asociarse para beneficiarse con descuentos que rondan el 15 %, de manera especial la carne vacuna ya que se comercializan los animales que son enviados al feedlot (corral de engorde) que pertenece al gremio y est\u00e0 ubicado en las inmediaciones de Ca\u00f1ad\u00f3n Seco.<img decoding=\"async\" class=\"alignnone size-full wp-image-30799 lazyload\" data-src=\"https:\/\/ecosdelsur.com\/wp-content\/uploads\/2025\/05\/RAAFA-15.jpg\" alt=\"\" width=\"1024\" height=\"598\" data-srcset=\"https:\/\/ecosdelsur.com\/wp-content\/uploads\/2025\/05\/RAAFA-15.jpg 1024w, https:\/\/ecosdelsur.com\/wp-content\/uploads\/2025\/05\/RAAFA-15-300x175.jpg 300w, https:\/\/ecosdelsur.com\/wp-content\/uploads\/2025\/05\/RAAFA-15-768x449.jpg 768w\" data-sizes=\"(max-width: 1024px) 100vw, 1024px\" src=\"data:image\/svg+xml;base64,PHN2ZyB3aWR0aD0iMSIgaGVpZ2h0PSIxIiB4bWxucz0iaHR0cDovL3d3dy53My5vcmcvMjAwMC9zdmciPjwvc3ZnPg==\" style=\"--smush-placeholder-width: 1024px; --smush-placeholder-aspect-ratio: 1024\/598;\" \/><\/p>\n<p>La inauguraci\u00f3n de la nueva proveedur\u00eda express se realiz\u00f3 a mediod\u00eda de este lunes con el corte simb\u00f3lico de cintas y el posterior descubrimiento de una plaqueta recordatoria.<\/p>\n<p>El acontecimiento cont\u00f3 con la presencia del secretario general del SIPGER y presidente de las Mutual, Rafael Guenchen\u00e9n y otros integrantes de comisi\u00f3n directiva, asistiendo adem\u00e1s como invitados especiales los intendente de Caleta Olivia, Pablo Carrizo; y de Pico Truncado, Pablo Anabal\u00f3n.<\/p>\n<p>El primer cliente fue Rafael Guenchen\u00e9n quien compr\u00f3 varios kilos de carne para el asado con el que se agasaj\u00f3 a los invitados especiales, teniendo que desembolsar una suma algo mayor a los 174 mil pesos, en medio de algunas bromas que se hicieron en la l\u00ednea de caja.<\/p>\n<\/div>\n","protected":false},"excerpt":{"rendered":"<p>Lunes, 12 Mayo 2025 &#8211; Est\u00e1 ubicada en la zona del camping que el gremio petrolero de Santa Cruz pose<\/p>\n","protected":false},"author":8,"featured_media":30800,"comment_status":"closed","ping_status":"closed","sticky":false,"template":"","format":"standard","meta":{"footnotes":""},"categories":[35],"tags":[],"class_list":["post-30793","post","type-post","status-publish","format-standard","has-post-thumbnail","hentry","category-sociedad"],"_links":{"self":[{"href":"https:\/\/ecosdelsur.com\/index.php?rest_route=\/wp\/v2\/posts\/30793","targetHints":{"allow":["GET"]}}],"collection":[{"href":"https:\/\/ecosdelsur.com\/index.php?rest_route=\/wp\/v2\/posts"}],"about":[{"href":"https:\/\/ecosdelsur.com\/index.php?rest_route=\/wp\/v2\/types\/post"}],"author":[{"embeddable":true,"href":"https:\/\/ecosdelsur.com\/index.php?rest_route=\/wp\/v2\/users\/8"}],"replies":[{"embeddable":true,"href":"https:\/\/ecosdelsur.com\/index.php?rest_route=%2Fwp%2Fv2%2Fcomments&post=30793"}],"version-history":[{"count":0,"href":"https:\/\/ecosdelsur.com\/index.php?rest_route=\/wp\/v2\/posts\/30793\/revisions"}],"wp:featuredmedia":[{"embeddable":true,"href":"https:\/\/ecosdelsur.com\/index.php?rest_route=\/wp\/v2\/media\/30800"}],"wp:attachment":[{"href":"https:\/\/ecosdelsur.com\/index.php?rest_route=%2Fwp%2Fv2%2Fmedia&parent=30793"}],"wp:term":[{"taxonomy":"category","embeddable":true,"href":"https:\/\/ecosdelsur.com\/index.php?rest_route=%2Fwp%2Fv2%2Fcategories&post=30793"},{"taxonomy":"post_tag","embeddable":true,"href":"https:\/\/ecosdelsur.com\/index.php?rest_route=%2Fwp%2Fv2%2Ftags&post=30793"}],"curies":[{"name":"wp","href":"https:\/\/api.w.org\/{rel}","templated":true}]}}