{"id":30787,"date":"2025-05-13T02:44:19","date_gmt":"2025-05-13T02:44:19","guid":{"rendered":"https:\/\/ecosdelsur.com\/?p=30787"},"modified":"2025-05-13T02:44:44","modified_gmt":"2025-05-13T02:44:44","slug":"luis-pellanda-presento-su-nueva-novela-en-la-semana-literaria-y-la-feria-del-libro","status":"publish","type":"post","link":"https:\/\/ecosdelsur.com\/?p=30787","title":{"rendered":"Luis Pellanda present\u00f3 su nueva novela en la Semana Literaria y la Feria del Libro"},"content":{"rendered":"<div class=\"itemToolbar2\">\n<p><span class=\"itemDateCreated\"><span style=\"color: #ff0000;\">Lunes, 12 Mayo 2025 &#8211;<\/span> <\/span>El escritor nacido en Puerto Santa Cruz present\u00f3 \u201cExpiaci\u00f3n con sangre\u201d en la Semana Literaria y en la Feria Internacional del Libro 2025. En el marco de dos eventos clave para la literatura argentina, el escritor oriundo de Puerto Santa Cruz present\u00f3 su m\u00e1s reciente novela, una historia de suspenso y acci\u00f3n que entrelaza cr\u00edmenes aberrantes, intereses econ\u00f3micos siniestros y una amenaza global de proporciones insospechadas.<img decoding=\"async\" class=\"alignnone size-full wp-image-30788 lazyload\" data-src=\"https:\/\/ecosdelsur.com\/wp-content\/uploads\/2025\/05\/li.jpg\" alt=\"\" width=\"1009\" height=\"681\" data-srcset=\"https:\/\/ecosdelsur.com\/wp-content\/uploads\/2025\/05\/li.jpg 1009w, https:\/\/ecosdelsur.com\/wp-content\/uploads\/2025\/05\/li-300x202.jpg 300w, https:\/\/ecosdelsur.com\/wp-content\/uploads\/2025\/05\/li-768x518.jpg 768w\" data-sizes=\"(max-width: 1009px) 100vw, 1009px\" src=\"data:image\/svg+xml;base64,PHN2ZyB3aWR0aD0iMSIgaGVpZ2h0PSIxIiB4bWxucz0iaHR0cDovL3d3dy53My5vcmcvMjAwMC9zdmciPjwvc3ZnPg==\" style=\"--smush-placeholder-width: 1009px; --smush-placeholder-aspect-ratio: 1009\/681;\" \/><\/p>\n<\/div>\n<div class=\"itemFullText\">\n<p>La primera presentaci\u00f3n tuvo lugar el viernes 9 de mayo en la Casa de Santa Cruz en CABA, como parte de la \u00faltima presentaci\u00f3n de la propuesta la Semana Literaria, donde Pellanda fue recibido por la directora de la instituci\u00f3n, Agustina Aguiar, y cautiv\u00f3 al p\u00fablico presente.<\/p>\n<p>La segunda aparici\u00f3n fue el domingo 11 de mayo en la Feria Internacional del Libro 2025, en el Predio Ferial La Rural. El evento convoc\u00f3 a lectores, colegas y curiosos que se acercaron para conocer m\u00e1s sobre una obra que no deja indiferente.<img decoding=\"async\" class=\"alignnone size-full wp-image-30789 lazyload\" data-src=\"https:\/\/ecosdelsur.com\/wp-content\/uploads\/2025\/05\/li1.jpg\" alt=\"\" width=\"1024\" height=\"689\" data-srcset=\"https:\/\/ecosdelsur.com\/wp-content\/uploads\/2025\/05\/li1.jpg 1024w, https:\/\/ecosdelsur.com\/wp-content\/uploads\/2025\/05\/li1-300x202.jpg 300w, https:\/\/ecosdelsur.com\/wp-content\/uploads\/2025\/05\/li1-768x517.jpg 768w\" data-sizes=\"(max-width: 1024px) 100vw, 1024px\" src=\"data:image\/svg+xml;base64,PHN2ZyB3aWR0aD0iMSIgaGVpZ2h0PSIxIiB4bWxucz0iaHR0cDovL3d3dy53My5vcmcvMjAwMC9zdmciPjwvc3ZnPg==\" style=\"--smush-placeholder-width: 1024px; --smush-placeholder-aspect-ratio: 1024\/689;\" \/><\/p>\n<p>Luc\u00eda Morales, la exteniente de homicidios de la Polic\u00eda Federal Argentina, ahora convertida en detective privado, se hace cargo de la investigaci\u00f3n de la misteriosa desaparici\u00f3n de Boris, un f\u00edsico nuclear del Centro At\u00f3mico de la ciudad patag\u00f3nica de San Carlos de Bariloche. Mientras se ocupa del caso, emerge un patr\u00f3n de muertes violentas y macabras atribuidas a Apollyon, un asesino serial con caracter\u00edsticas de psic\u00f3pata ritual.<\/p>\n<p>Por su parte, Luc\u00eda investiga, su amiga y compa\u00f1era, Yolanda Bianca, ascendida a oficial superior del Grupo Especial de Operaciones Federales, descubre una conexi\u00f3n entre el robo de una peligrosa sustancia radiactiva y oscuros experimentos cient\u00edficos que involucran a la empresa china Atlas Energy Company. La verdad yace enterrada en las profundidades de la meseta y en los secretos del enigm\u00e1tico Proyecto TIT\u00c1N, una conspiraci\u00f3n internacional que pone en jaque la existencia del planeta.<\/p>\n<p>Una novela trepidante y vertiginosa que conecta una serie de asesinatos aberrantes con inescrupulosos intereses econ\u00f3micos, donde el sacrificio humano podr\u00eda ser la clave.<\/p>\n<\/div>\n","protected":false},"excerpt":{"rendered":"<p>Lunes, 12 Mayo 2025 &#8211; El escritor nacido en Puerto Santa Cruz present\u00f3 \u201cExpiaci\u00f3n con sangre\u201d en la Semana Literaria<\/p>\n","protected":false},"author":8,"featured_media":30790,"comment_status":"closed","ping_status":"closed","sticky":false,"template":"","format":"standard","meta":{"footnotes":""},"categories":[38],"tags":[],"class_list":["post-30787","post","type-post","status-publish","format-standard","has-post-thumbnail","hentry","category-espectaculos"],"_links":{"self":[{"href":"https:\/\/ecosdelsur.com\/index.php?rest_route=\/wp\/v2\/posts\/30787","targetHints":{"allow":["GET"]}}],"collection":[{"href":"https:\/\/ecosdelsur.com\/index.php?rest_route=\/wp\/v2\/posts"}],"about":[{"href":"https:\/\/ecosdelsur.com\/index.php?rest_route=\/wp\/v2\/types\/post"}],"author":[{"embeddable":true,"href":"https:\/\/ecosdelsur.com\/index.php?rest_route=\/wp\/v2\/users\/8"}],"replies":[{"embeddable":true,"href":"https:\/\/ecosdelsur.com\/index.php?rest_route=%2Fwp%2Fv2%2Fcomments&post=30787"}],"version-history":[{"count":0,"href":"https:\/\/ecosdelsur.com\/index.php?rest_route=\/wp\/v2\/posts\/30787\/revisions"}],"wp:featuredmedia":[{"embeddable":true,"href":"https:\/\/ecosdelsur.com\/index.php?rest_route=\/wp\/v2\/media\/30790"}],"wp:attachment":[{"href":"https:\/\/ecosdelsur.com\/index.php?rest_route=%2Fwp%2Fv2%2Fmedia&parent=30787"}],"wp:term":[{"taxonomy":"category","embeddable":true,"href":"https:\/\/ecosdelsur.com\/index.php?rest_route=%2Fwp%2Fv2%2Fcategories&post=30787"},{"taxonomy":"post_tag","embeddable":true,"href":"https:\/\/ecosdelsur.com\/index.php?rest_route=%2Fwp%2Fv2%2Ftags&post=30787"}],"curies":[{"name":"wp","href":"https:\/\/api.w.org\/{rel}","templated":true}]}}