{"id":30444,"date":"2025-04-28T07:38:55","date_gmt":"2025-04-28T07:38:55","guid":{"rendered":"https:\/\/ecosdelsur.com\/?p=30444"},"modified":"2025-04-28T13:50:24","modified_gmt":"2025-04-28T13:50:24","slug":"caleta-olivia-un-joven-policia-se-quito-la-vida","status":"publish","type":"post","link":"https:\/\/ecosdelsur.com\/?p=30444","title":{"rendered":"Caleta Olivia: un joven polic\u00eda se quit\u00f3 la vida"},"content":{"rendered":"<p>27 de abril de 2025 -Un efectivo de la fuerza policial de Caleta Olivia se quit\u00f3 la vida probablemente en la \u00a0madrugada del viernes. Hay consternaci\u00f3n en la familia de la fuerza.<\/p>\n<p>Una lamentable noticia conmovi\u00f3 a los vecinos de Caleta Olivia, el fin de semana pasado, \u00a0se supo que el polic\u00eda que trabajaba en el \u00a0Servicio Penitenciario de Alcald\u00eda local se quit\u00f3 la vida.<\/p>\n<p>De acuerdo a informaci\u00f3n extraoficialmente, compa\u00f1eros fueron alertados ya que su compa\u00f1ero de apellido Almaraz, no contestaba el celular y menos en su domicilio <strong>de calle Huiliches<\/strong> \u00a0en <strong>Zona de Chacras.<\/strong><\/p>\n<p>Trabajaron en el lugar efectivos de la Comisaria Segunda y \u00e1rea de Criminal\u00edstica.<\/p>\n","protected":false},"excerpt":{"rendered":"<p>27 de abril de 2025 -Un efectivo de la fuerza policial de Caleta Olivia se quit\u00f3 la vida probablemente en<\/p>\n","protected":false},"author":8,"featured_media":30445,"comment_status":"closed","ping_status":"closed","sticky":false,"template":"","format":"standard","meta":{"footnotes":""},"categories":[36],"tags":[],"class_list":["post-30444","post","type-post","status-publish","format-standard","has-post-thumbnail","hentry","category-policiales"],"_links":{"self":[{"href":"https:\/\/ecosdelsur.com\/index.php?rest_route=\/wp\/v2\/posts\/30444","targetHints":{"allow":["GET"]}}],"collection":[{"href":"https:\/\/ecosdelsur.com\/index.php?rest_route=\/wp\/v2\/posts"}],"about":[{"href":"https:\/\/ecosdelsur.com\/index.php?rest_route=\/wp\/v2\/types\/post"}],"author":[{"embeddable":true,"href":"https:\/\/ecosdelsur.com\/index.php?rest_route=\/wp\/v2\/users\/8"}],"replies":[{"embeddable":true,"href":"https:\/\/ecosdelsur.com\/index.php?rest_route=%2Fwp%2Fv2%2Fcomments&post=30444"}],"version-history":[{"count":0,"href":"https:\/\/ecosdelsur.com\/index.php?rest_route=\/wp\/v2\/posts\/30444\/revisions"}],"wp:featuredmedia":[{"embeddable":true,"href":"https:\/\/ecosdelsur.com\/index.php?rest_route=\/wp\/v2\/media\/30445"}],"wp:attachment":[{"href":"https:\/\/ecosdelsur.com\/index.php?rest_route=%2Fwp%2Fv2%2Fmedia&parent=30444"}],"wp:term":[{"taxonomy":"category","embeddable":true,"href":"https:\/\/ecosdelsur.com\/index.php?rest_route=%2Fwp%2Fv2%2Fcategories&post=30444"},{"taxonomy":"post_tag","embeddable":true,"href":"https:\/\/ecosdelsur.com\/index.php?rest_route=%2Fwp%2Fv2%2Ftags&post=30444"}],"curies":[{"name":"wp","href":"https:\/\/api.w.org\/{rel}","templated":true}]}}