{"id":30360,"date":"2025-04-25T20:18:45","date_gmt":"2025-04-25T20:18:45","guid":{"rendered":"https:\/\/ecosdelsur.com\/?p=30360"},"modified":"2025-04-25T20:18:45","modified_gmt":"2025-04-25T20:18:45","slug":"ruben-martinez-el-hombre-solidario-que-acerca-el-pan-a-las-escuelas-en-caleta-olivia","status":"publish","type":"post","link":"https:\/\/ecosdelsur.com\/?p=30360","title":{"rendered":"Rub\u00e9n Mart\u00ednez: el hombre solidario que acerca el pan a las escuelas en Caleta Olivia"},"content":{"rendered":"<p>En una entrevista en el programa &#8220;La Voz de la Ma\u00f1ana&#8221;, Rub\u00e9n Mart\u00ednez comparti\u00f3 su encomiable labor solidaria, llevando donaciones de pan y facturas a diversas escuelas de la ciudad. Su testimonio resalta el esp\u00edritu generoso que reside en la comunidad caletense.<\/p>\n<p>Con humildad y profunda gratitud, Rub\u00e9n destac\u00f3 la solidaridad de sus vecinos, se\u00f1alando que &#8220;a veces la persona que menos tiene es el vecino que me acerca donaciones&#8221;. Su compromiso lo lleva a recorrer la ciudad en colectivo, cargando consigo los bolsos llenos de panificados destinados a los estudiantes.<\/p>\n<p>Reflexionando sobre el sentido de la vida y la generosidad, Rub\u00e9n cit\u00f3 las palabras del Papa: &#8220;De esta tierra no nos llevamos nada, queda lo que sembramos&#8221;. Para \u00e9l, ser servidor p\u00fablico es una vocaci\u00f3n impulsada por la satisfacci\u00f3n de ayudar a los dem\u00e1s.<\/p>\n<p>Con una mirada sensible hacia las necesidades de los ni\u00f1os, Rub\u00e9n plante\u00f3 una realidad que toca el coraz\u00f3n: &#8220;Los chicos reciben mate cocido y leche, \u00bfpor qu\u00e9 no darles chocolate a los chicos que a veces lo \u00fanico que los alimenta es lo que reciben en el colegio?&#8221;. Su iniciativa busca brindar un peque\u00f1o gesto de alegr\u00eda y nutrici\u00f3n a quienes m\u00e1s lo necesitan.<\/p>\n<p>En su relato, Rub\u00e9n extendi\u00f3 un profundo agradecimiento a las 11 panader\u00edas de la ciudad que, con su generosa donaci\u00f3n de pan y facturas, hacen posible esta hermosa labor. Su aporte es fundamental para llevar un desayuno m\u00e1s completo y nutritivo a los estudiantes.<\/p>\n<p>Rub\u00e9n tambi\u00e9n comparti\u00f3 un momento personal delicado, su lucha contra la enfermedad. &#8220;Estuve muy enfermo, la vida es un regalo y si no la sabemos apreciar&#8230; comenc\u00e9 a cuidarme en las comidas que da\u00f1aban mi organismo en pos de mejorar mis ri\u00f1ones&#8221;. Su testimonio es un recordatorio de la importancia de valorar la salud y el presente.<\/p>\n","protected":false},"excerpt":{"rendered":"<p>En una entrevista en el programa &#8220;La Voz de la Ma\u00f1ana&#8221;, Rub\u00e9n Mart\u00ednez comparti\u00f3 su encomiable labor solidaria, llevando donaciones<\/p>\n","protected":false},"author":8,"featured_media":30364,"comment_status":"closed","ping_status":"closed","sticky":false,"template":"","format":"standard","meta":{"footnotes":""},"categories":[35],"tags":[779],"class_list":["post-30360","post","type-post","status-publish","format-standard","has-post-thumbnail","hentry","category-sociedad","tag-ruben-martinez"],"_links":{"self":[{"href":"https:\/\/ecosdelsur.com\/index.php?rest_route=\/wp\/v2\/posts\/30360","targetHints":{"allow":["GET"]}}],"collection":[{"href":"https:\/\/ecosdelsur.com\/index.php?rest_route=\/wp\/v2\/posts"}],"about":[{"href":"https:\/\/ecosdelsur.com\/index.php?rest_route=\/wp\/v2\/types\/post"}],"author":[{"embeddable":true,"href":"https:\/\/ecosdelsur.com\/index.php?rest_route=\/wp\/v2\/users\/8"}],"replies":[{"embeddable":true,"href":"https:\/\/ecosdelsur.com\/index.php?rest_route=%2Fwp%2Fv2%2Fcomments&post=30360"}],"version-history":[{"count":0,"href":"https:\/\/ecosdelsur.com\/index.php?rest_route=\/wp\/v2\/posts\/30360\/revisions"}],"wp:featuredmedia":[{"embeddable":true,"href":"https:\/\/ecosdelsur.com\/index.php?rest_route=\/wp\/v2\/media\/30364"}],"wp:attachment":[{"href":"https:\/\/ecosdelsur.com\/index.php?rest_route=%2Fwp%2Fv2%2Fmedia&parent=30360"}],"wp:term":[{"taxonomy":"category","embeddable":true,"href":"https:\/\/ecosdelsur.com\/index.php?rest_route=%2Fwp%2Fv2%2Fcategories&post=30360"},{"taxonomy":"post_tag","embeddable":true,"href":"https:\/\/ecosdelsur.com\/index.php?rest_route=%2Fwp%2Fv2%2Ftags&post=30360"}],"curies":[{"name":"wp","href":"https:\/\/api.w.org\/{rel}","templated":true}]}}