{"id":30345,"date":"2025-04-25T19:59:46","date_gmt":"2025-04-25T19:59:46","guid":{"rendered":"https:\/\/ecosdelsur.com\/?p=30345"},"modified":"2025-04-25T19:59:46","modified_gmt":"2025-04-25T19:59:46","slug":"abrio-sus-puertas-mercado-y-carniceria-estrella-con-sorteos-y-promociones","status":"publish","type":"post","link":"https:\/\/ecosdelsur.com\/?p=30345","title":{"rendered":"Abri\u00f3 sus puertas Mercado y Carnicer\u00eda Estrella con sorteos y promociones"},"content":{"rendered":"<p>Los residentes del B\u00b0 3 de Febrero y zonas aleda\u00f1as tienen un nuevo punto de encuentro para sus compras diarias: Mercado y Carnicer\u00eda Estrella ha inaugurado sus instalaciones y lo celebra con atractivos sorteos y promociones especiales desde hoy.<\/p>\n<p>Este nuevo comercio integral ofrece una amplia variedad de productos para el hogar, incluyendo carnicer\u00eda con cortes de calidad, verduler\u00eda con frutas y verduras frescas de estaci\u00f3n, y un completo almac\u00e9n con art\u00edculos de primera necesidad y m\u00e1s.<\/p>\n<p>Para celebrar su lanzamiento, Mercado y Carnicer\u00eda Estrella ha preparado una serie de promociones imperdibles en diversos rubros. Los clientes podr\u00e1n aprovechar ofertas especiales en gaseosas, cervezas, productos de panader\u00eda y una selecci\u00f3n de cortes de carne para todos los gustos.<\/p>\n<p>La comodidad de los horarios de atenci\u00f3n es otro punto a destacar, ya que el mercado permanecer\u00e1 abierto todos los d\u00edas de la semana, desde las 7:00 de la ma\u00f1ana hasta las 23:30 horas, brindando flexibilidad a los clientes para realizar sus compras en el momento que les sea m\u00e1s conveniente.<\/p>\n<p>La invitaci\u00f3n est\u00e1 abierta a toda la comunidad para acercarse a Mercado y Carnicer\u00eda Estrella, ubicado sobre la Avenida Mitre, y descubrir todo lo que tiene para ofrecer. No solo podr\u00e1n abastecer sus hogares con productos de calidad, sino que tambi\u00e9n tendr\u00e1n la oportunidad de participar en sorteos y aprovechar las promociones especiales de inauguraci\u00f3n.<\/p>\n<p>Esta apertura representa una excelente noticia para el comercio local y para los vecinos de la zona, quienes ahora cuentan con una nueva opci\u00f3n para sus compras diarias, con la promesa de buenos precios y una atenci\u00f3n cordial.<\/p>\n","protected":false},"excerpt":{"rendered":"<p>Los residentes del B\u00b0 3 de Febrero y zonas aleda\u00f1as tienen un nuevo punto de encuentro para sus compras diarias:<\/p>\n","protected":false},"author":8,"featured_media":30346,"comment_status":"closed","ping_status":"closed","sticky":false,"template":"","format":"standard","meta":{"footnotes":""},"categories":[35],"tags":[777,778],"class_list":["post-30345","post","type-post","status-publish","format-standard","has-post-thumbnail","hentry","category-sociedad","tag-inauguracion","tag-mercado-y-carniceria-estrella"],"_links":{"self":[{"href":"https:\/\/ecosdelsur.com\/index.php?rest_route=\/wp\/v2\/posts\/30345","targetHints":{"allow":["GET"]}}],"collection":[{"href":"https:\/\/ecosdelsur.com\/index.php?rest_route=\/wp\/v2\/posts"}],"about":[{"href":"https:\/\/ecosdelsur.com\/index.php?rest_route=\/wp\/v2\/types\/post"}],"author":[{"embeddable":true,"href":"https:\/\/ecosdelsur.com\/index.php?rest_route=\/wp\/v2\/users\/8"}],"replies":[{"embeddable":true,"href":"https:\/\/ecosdelsur.com\/index.php?rest_route=%2Fwp%2Fv2%2Fcomments&post=30345"}],"version-history":[{"count":0,"href":"https:\/\/ecosdelsur.com\/index.php?rest_route=\/wp\/v2\/posts\/30345\/revisions"}],"wp:featuredmedia":[{"embeddable":true,"href":"https:\/\/ecosdelsur.com\/index.php?rest_route=\/wp\/v2\/media\/30346"}],"wp:attachment":[{"href":"https:\/\/ecosdelsur.com\/index.php?rest_route=%2Fwp%2Fv2%2Fmedia&parent=30345"}],"wp:term":[{"taxonomy":"category","embeddable":true,"href":"https:\/\/ecosdelsur.com\/index.php?rest_route=%2Fwp%2Fv2%2Fcategories&post=30345"},{"taxonomy":"post_tag","embeddable":true,"href":"https:\/\/ecosdelsur.com\/index.php?rest_route=%2Fwp%2Fv2%2Ftags&post=30345"}],"curies":[{"name":"wp","href":"https:\/\/api.w.org\/{rel}","templated":true}]}}