{"id":28060,"date":"2025-02-22T04:00:20","date_gmt":"2025-02-22T04:00:20","guid":{"rendered":"https:\/\/ecosdelsur.com\/?p=28060"},"modified":"2025-02-22T04:00:20","modified_gmt":"2025-02-22T04:00:20","slug":"verano-2025-pae-acompano-una-nueva-edicion-de-patio-abierto-en-comodoro-y-sumo-su-apoyo-a-las-colonias-de-sarmiento","status":"publish","type":"post","link":"https:\/\/ecosdelsur.com\/?p=28060","title":{"rendered":"Verano 2025: PAE acompa\u00f1\u00f3 una nueva edici\u00f3n de Patio Abierto en Comodoro y sum\u00f3 su apoyo a las colonias de Sarmiento"},"content":{"rendered":"<div class=\"itemToolbar2\">\n<p><span class=\"itemDateCreated\" style=\"color: #ff0000;\">Viernes, 21 Febrero 2025 &#8211; <\/span><b><span lang=\"ES-TRAD\">Con renovadas propuestas deportivas y l\u00fadicas, las colonias se consolidan como espacios de contenci\u00f3n y esparcimiento para los chicos y los adultos mayores.<img decoding=\"async\" class=\"alignnone size-full wp-image-28062 lazyload\" data-src=\"https:\/\/ecosdelsur.com\/wp-content\/uploads\/2025\/02\/PHOTO-2025-02-07-15-14-28.jpg\" alt=\"\" width=\"1024\" height=\"614\" data-srcset=\"https:\/\/ecosdelsur.com\/wp-content\/uploads\/2025\/02\/PHOTO-2025-02-07-15-14-28.jpg 1024w, https:\/\/ecosdelsur.com\/wp-content\/uploads\/2025\/02\/PHOTO-2025-02-07-15-14-28-300x180.jpg 300w, https:\/\/ecosdelsur.com\/wp-content\/uploads\/2025\/02\/PHOTO-2025-02-07-15-14-28-768x461.jpg 768w\" data-sizes=\"(max-width: 1024px) 100vw, 1024px\" src=\"data:image\/svg+xml;base64,PHN2ZyB3aWR0aD0iMSIgaGVpZ2h0PSIxIiB4bWxucz0iaHR0cDovL3d3dy53My5vcmcvMjAwMC9zdmciPjwvc3ZnPg==\" style=\"--smush-placeholder-width: 1024px; --smush-placeholder-aspect-ratio: 1024\/614;\" \/><\/span><\/b><\/p>\n<\/div>\n<p class=\"yiv5122364681MsoNormal\"><b><\/b><span lang=\"ES-TRAD\">Desde hace 13 a\u00f1os Pan American Energy acompa\u00f1a la propuesta del Centro Juvenil Patio Abierto. Este verano m\u00e1s de de 250 chicos de los barrios Pietrobelli, Newbery, Las Flores, La Floresta y el Balc\u00f3n de Para\u00edso<\/span><span lang=\"ES-TRAD\">\u00a0<\/span><span lang=\"ES-TRAD\">participaron diariamente de la colonia\u00a0<\/span><span lang=\"ES\">que lleva adelante la Casa Salesiana Domingo Savio.<\/span><\/p>\n<p class=\"yiv5122364681MsoNormal\"><span lang=\"ES-TRAD\">Durante\u00a0<\/span>el desarrollo de esta nueva edici\u00f3n los participantes pudieron disfrutar de distintos talleres y compartieron almuerzo y merienda. Todas\u00a0<span lang=\"ES-TRAD\">las actividades fueron coordinadas por un grupo de profesores de educaci\u00f3n f\u00edsica que, adem\u00e1s de brindar actividades deportivas y l\u00fadicas, trabajaron cotidianamente en el fortalecimiento de los valores.<\/span><\/p>\n<p class=\"yiv5122364681MsoNormal\">En ese sentido, el director General de la Obra Domingo Savio, Andr\u00e9s Quesada<i>,\u00a0<\/i>detall\u00f3:<i>\u00a0\u201cPatio Abierto este a\u00f1o estuvo basado en el lema de Don Bosco: Anclados en la esperanza, peregrinos con los j\u00f3venes. Es por eso que centrados en la \u201cesperanza\u201d y en el camino que recorremos con los chicos a trav\u00e9s de juegos, salidas, talleres, en la colonia, se trabajaron valores como la confianza, la solidaridad, la fraternidad y el compromiso. Los chicos aprenden jugando y m\u00e1s all\u00e1 de lo l\u00fadico, buscamos brindarles experiencias formativas\u201d:<\/i><i><\/i><\/p>\n<p class=\"yiv5122364681MsoNormal\"><span lang=\"ES\">Por su parte, Pablo Pichintiniz, coordinador de la colonia destac\u00f3 que\u00a0<i>\u201c<\/i><\/span><i>sin el soporte de los profesores, la confianza de los padres, la colaboraci\u00f3n de la Casa Salesiana y el apoyo de Pan American Energy ser\u00eda imposible sostener Patio Abierto, as\u00ed que sumamente agradecidos. El trabajo articulado tiene un valor muy importante para nosotros\u201d.\u00a0<\/i><\/p>\n<p class=\"yiv5122364681MsoNormal\"><span lang=\"ES\">PAE acompa\u00f1a Patio Abierto desde sus inicios. En ese sentido, el referente de Relaciones Institucionales, Juan Taccari<\/span>, puso en valor el trabajo de los organizadores a lo largo del tiempo y la continuidad de este espacio.\u00a0<i>&#8220;Para la compa\u00f1\u00eda es un orgullo poder formar parte de este proyecto que se mantiene firme a\u00f1o a a\u00f1o junto a la Casa Salesiana. Es un placer poder acompa\u00f1ar esta iniciativa que no s\u00f3lo apunta a lo l\u00fadico y deportivo sino tambi\u00e9n a la promoci\u00f3n de valores en los m\u00e1s peque\u00f1os\u201d, concluy\u00f3.<\/i><\/p>\n<p class=\"yiv5122364681MsoNormal\"><b>Junto a las Colonias de Verano en Sarmiento<\/b><b><\/b><\/p>\n<p class=\"yiv5122364681MsoNormal\">En Sarmiento, m\u00e1s de 600 ni\u00f1os, personas con discapacidad y adultos mayores participaron de las Colonias de Verano que son promovidas por la Municipalidad local y contaron con el apoyo de Pan American Energy.<\/p>\n<p class=\"yiv5122364681MsoNormal\">Durante la temporada 2025 los participantes compartieron juegos, actividades recreativas y mucha diversi\u00f3n, en un espacio pensado para todos.<\/p>\n<p class=\"yiv5122364681MsoNormal\">Desde la Secretar\u00eda de Deportes de Sarmiento, Maria Melandi destac\u00f3: \u201cPorque creemos en el derecho al disfrute y en la importancia de la inclusi\u00f3n, seguimos apostando a estas colonias que abrazan a toda la comunidad. Agradecemos la profundamente la colaboraci\u00f3n de PAE\u201d.<\/p>\n","protected":false},"excerpt":{"rendered":"<p>Viernes, 21 Febrero 2025 &#8211; Con renovadas propuestas deportivas y l\u00fadicas, las colonias se consolidan como espacios de contenci\u00f3n y<\/p>\n","protected":false},"author":8,"featured_media":28061,"comment_status":"closed","ping_status":"closed","sticky":false,"template":"","format":"standard","meta":{"footnotes":""},"categories":[35],"tags":[557,566,657,656],"class_list":["post-28060","post","type-post","status-publish","format-standard","has-post-thumbnail","hentry","category-sociedad","tag-comodororivadavia","tag-pae","tag-patio-abierto","tag-verano-2025"],"_links":{"self":[{"href":"https:\/\/ecosdelsur.com\/index.php?rest_route=\/wp\/v2\/posts\/28060","targetHints":{"allow":["GET"]}}],"collection":[{"href":"https:\/\/ecosdelsur.com\/index.php?rest_route=\/wp\/v2\/posts"}],"about":[{"href":"https:\/\/ecosdelsur.com\/index.php?rest_route=\/wp\/v2\/types\/post"}],"author":[{"embeddable":true,"href":"https:\/\/ecosdelsur.com\/index.php?rest_route=\/wp\/v2\/users\/8"}],"replies":[{"embeddable":true,"href":"https:\/\/ecosdelsur.com\/index.php?rest_route=%2Fwp%2Fv2%2Fcomments&post=28060"}],"version-history":[{"count":0,"href":"https:\/\/ecosdelsur.com\/index.php?rest_route=\/wp\/v2\/posts\/28060\/revisions"}],"wp:featuredmedia":[{"embeddable":true,"href":"https:\/\/ecosdelsur.com\/index.php?rest_route=\/wp\/v2\/media\/28061"}],"wp:attachment":[{"href":"https:\/\/ecosdelsur.com\/index.php?rest_route=%2Fwp%2Fv2%2Fmedia&parent=28060"}],"wp:term":[{"taxonomy":"category","embeddable":true,"href":"https:\/\/ecosdelsur.com\/index.php?rest_route=%2Fwp%2Fv2%2Fcategories&post=28060"},{"taxonomy":"post_tag","embeddable":true,"href":"https:\/\/ecosdelsur.com\/index.php?rest_route=%2Fwp%2Fv2%2Ftags&post=28060"}],"curies":[{"name":"wp","href":"https:\/\/api.w.org\/{rel}","templated":true}]}}