{"id":28055,"date":"2025-02-22T03:37:03","date_gmt":"2025-02-22T03:37:03","guid":{"rendered":"https:\/\/ecosdelsur.com\/?p=28055"},"modified":"2025-02-22T03:51:33","modified_gmt":"2025-02-22T03:51:33","slug":"habilitan-circulacion-en-calle-democracia-del-barrio-25-de-mayo","status":"publish","type":"post","link":"https:\/\/ecosdelsur.com\/?p=28055","title":{"rendered":"Habilitan circulaci\u00f3n en calle Democracia del barrio 25 de Mayo"},"content":{"rendered":"<div class=\"itemToolbar2\">\n<p><span class=\"itemDateCreated\" style=\"color: #ff0000;\">Viernes, 21 Febrero 2025 &#8211; <\/span>La Municipalidad de Caleta Olivia, a trav\u00e9s de su Departamento de Planificaci\u00f3n, inform\u00f3 sobre los avances en las obras de renovaci\u00f3n urbana que se ejecutan en sectores clave de la ciudad. En una entrevista con la Ingeniera Civil Luj\u00e1n Nieva, supervisora del \u00e1rea, se detall\u00f3 la habilitaci\u00f3n parcial de la calle Democracia Argentina (Barrio 25 de Mayo), ubicada en el tramo de la Avenida Camilo Asad Nasif.<img decoding=\"async\" class=\"alignnone size-full wp-image-28056 lazyload\" data-src=\"https:\/\/ecosdelsur.com\/wp-content\/uploads\/2025\/02\/WhatsApp-Image-2025-02-21-at-20.29.48-1.jpeg\" alt=\"\" width=\"1024\" height=\"603\" data-srcset=\"https:\/\/ecosdelsur.com\/wp-content\/uploads\/2025\/02\/WhatsApp-Image-2025-02-21-at-20.29.48-1.jpeg 1024w, https:\/\/ecosdelsur.com\/wp-content\/uploads\/2025\/02\/WhatsApp-Image-2025-02-21-at-20.29.48-1-300x177.jpeg 300w, https:\/\/ecosdelsur.com\/wp-content\/uploads\/2025\/02\/WhatsApp-Image-2025-02-21-at-20.29.48-1-768x452.jpeg 768w\" data-sizes=\"(max-width: 1024px) 100vw, 1024px\" src=\"data:image\/svg+xml;base64,PHN2ZyB3aWR0aD0iMSIgaGVpZ2h0PSIxIiB4bWxucz0iaHR0cDovL3d3dy53My5vcmcvMjAwMC9zdmciPjwvc3ZnPg==\" style=\"--smush-placeholder-width: 1024px; --smush-placeholder-aspect-ratio: 1024\/603;\" \/><\/p>\n<\/div>\n<p>Nieva confirm\u00f3 que, tras semanas de trabajos, el tr\u00e1nsito en esta arteria fue reabierto en un \u00fanico sentido (de norte a sur), mejorando la circulaci\u00f3n en un sector hist\u00f3ricamente congestionado y en mal estado. \u201cQuedan detalles pendientes, como la colocaci\u00f3n de cordones, para lo cual esperamos los moldes utilizados en la Avenida Tierra del Fuego\u201d, explic\u00f3. Aclar\u00f3 que estas tareas finales no interrumpir\u00e1n el tr\u00e1nsito, salvo cortes breves.<img decoding=\"async\" class=\"alignnone size-full wp-image-28057 lazyload\" data-src=\"https:\/\/ecosdelsur.com\/wp-content\/uploads\/2025\/02\/WhatsApp-Image-2025-02-21-at-20.29.48.jpeg\" alt=\"\" width=\"1024\" height=\"586\" data-srcset=\"https:\/\/ecosdelsur.com\/wp-content\/uploads\/2025\/02\/WhatsApp-Image-2025-02-21-at-20.29.48.jpeg 1024w, https:\/\/ecosdelsur.com\/wp-content\/uploads\/2025\/02\/WhatsApp-Image-2025-02-21-at-20.29.48-300x172.jpeg 300w, https:\/\/ecosdelsur.com\/wp-content\/uploads\/2025\/02\/WhatsApp-Image-2025-02-21-at-20.29.48-768x440.jpeg 768w\" data-sizes=\"(max-width: 1024px) 100vw, 1024px\" src=\"data:image\/svg+xml;base64,PHN2ZyB3aWR0aD0iMSIgaGVpZ2h0PSIxIiB4bWxucz0iaHR0cDovL3d3dy53My5vcmcvMjAwMC9zdmciPjwvc3ZnPg==\" style=\"--smush-placeholder-width: 1024px; --smush-placeholder-aspect-ratio: 1024\/586;\" \/><\/p>\n<p>Mientras se completan los cordones, el foco est\u00e1 en minimizar inconvenientes. \u201cSolo se cortar\u00e1 el paso moment\u00e1neamente cuando llegue el mixer\u201d, asegur\u00f3 Nieva. La obra refleja el compromiso municipal y del intendente Pablo Carrizo Por reactivar proyectos estancados, priorizando infraestructura b\u00e1sica para mejorar la calidad de vida en la ciudad.<\/p>\n<p>\u201cEra un \u00e1rea relegada, con calles deterioradas que afectan a los vecinos del barrio 25 de Mayo y las inmediaciones de la Uni\u00f3n Vecinal. Ahora tendr\u00e1n una circulaci\u00f3n m\u00e1s segura\u201d, destac\u00f3 Nieva.<\/p>\n<p>La supervisora reconoci\u00f3 el esfuerzo coordinado de varias \u00e1reas: Planificaci\u00f3n, Gobierno, Obras y Servicios, y la Fundaci\u00f3n que colabor\u00f3 en la colocaci\u00f3n de adoquines. Tambi\u00e9n resalt\u00f3 el rol de los vecinos durante las reuniones participativas, donde se priorizaron necesidades.<\/p>\n<p>Con esta habilitaci\u00f3n, la ciudad avanza en su plan de modernizaci\u00f3n, demostrando que la gesti\u00f3n de recursos propios y la articulaci\u00f3n institucional son clave para transformar espacios p\u00fablicos hist\u00f3ricamente olvidados.<\/p>\n<div class=\"ss-inline-share-wrapper ss-left-inline-content ss-small-icons ss-with-spacing ss-rounded-icons\"><\/div>\n","protected":false},"excerpt":{"rendered":"<p>Viernes, 21 Febrero 2025 &#8211; La Municipalidad de Caleta Olivia, a trav\u00e9s de su Departamento de Planificaci\u00f3n, inform\u00f3 sobre los<\/p>\n","protected":false},"author":8,"featured_media":28058,"comment_status":"closed","ping_status":"closed","sticky":false,"template":"","format":"standard","meta":{"footnotes":""},"categories":[40],"tags":[591,60,129,254],"class_list":["post-28055","post","type-post","status-publish","format-standard","has-post-thumbnail","hentry","category-municipales","tag-adoquines","tag-caleta-olivia","tag-ecosdelsur","tag-municipio"],"_links":{"self":[{"href":"https:\/\/ecosdelsur.com\/index.php?rest_route=\/wp\/v2\/posts\/28055","targetHints":{"allow":["GET"]}}],"collection":[{"href":"https:\/\/ecosdelsur.com\/index.php?rest_route=\/wp\/v2\/posts"}],"about":[{"href":"https:\/\/ecosdelsur.com\/index.php?rest_route=\/wp\/v2\/types\/post"}],"author":[{"embeddable":true,"href":"https:\/\/ecosdelsur.com\/index.php?rest_route=\/wp\/v2\/users\/8"}],"replies":[{"embeddable":true,"href":"https:\/\/ecosdelsur.com\/index.php?rest_route=%2Fwp%2Fv2%2Fcomments&post=28055"}],"version-history":[{"count":0,"href":"https:\/\/ecosdelsur.com\/index.php?rest_route=\/wp\/v2\/posts\/28055\/revisions"}],"wp:featuredmedia":[{"embeddable":true,"href":"https:\/\/ecosdelsur.com\/index.php?rest_route=\/wp\/v2\/media\/28058"}],"wp:attachment":[{"href":"https:\/\/ecosdelsur.com\/index.php?rest_route=%2Fwp%2Fv2%2Fmedia&parent=28055"}],"wp:term":[{"taxonomy":"category","embeddable":true,"href":"https:\/\/ecosdelsur.com\/index.php?rest_route=%2Fwp%2Fv2%2Fcategories&post=28055"},{"taxonomy":"post_tag","embeddable":true,"href":"https:\/\/ecosdelsur.com\/index.php?rest_route=%2Fwp%2Fv2%2Ftags&post=28055"}],"curies":[{"name":"wp","href":"https:\/\/api.w.org\/{rel}","templated":true}]}}