{"id":28047,"date":"2025-02-21T05:00:08","date_gmt":"2025-02-21T05:00:08","guid":{"rendered":"https:\/\/ecosdelsur.com\/?p=28047"},"modified":"2025-02-21T05:07:16","modified_gmt":"2025-02-21T05:07:16","slug":"acto-homenaje-por-el-247-aniversario-del-natalicio-de-jose-de-san-martin","status":"publish","type":"post","link":"https:\/\/ecosdelsur.com\/?p=28047","title":{"rendered":"Acto homenaje por el 247\u00b0 aniversario del natalicio de Jos\u00e9 de San Mart\u00edn"},"content":{"rendered":"<header class=\"entry-header\">\n<div class=\"itemToolbar2\">\n<p><span class=\"itemDateCreated\"><span style=\"color: #ff0000;\">Jueves, 20 Febrero 2025\u00a0 &#8211;<\/span>\u00a0 <\/span>El martes 25 de febrero se cumple un nuevo aniversario del nacimiento del pr\u00f3cer nacional y en su honor se realizar\u00e1 un homenaje en la Plaza del Libertador San Mart\u00edn (ubicada frente a la UNPA UACO) a partir de las 11:00 horas.<\/p>\n<\/div>\n<\/header>\n<div class=\"entry-content si-entry\">\n<p>Organizado por la Asociaci\u00f3n Sanmartiniana junto a la Municipalidad, en el encuentro se recordar\u00e1 el nacimiento del Libertador de la Patria. El presidente de la asociaci\u00f3n Argentino L\u00f3pez enfatiz\u00f3 en el sentir de \u201clos enormes valores tanto \u00e9ticos como morales. No hay en la historia, y no lo digo yo, en todas las haza\u00f1as que se reconocen en el mundo, punto de comparaci\u00f3n con la \u00e9tica y la moral de la persona que era el General San Mart\u00edn, es un argentino\u201d.<\/p>\n<p>\u201cEl General Bartolom\u00e9 Mitre dice que dos son los padres de la Patria: San Mart\u00edn como brazo armado y Belgrano tambi\u00e9n como pensador de la revoluci\u00f3n de Mayo\u201d, agreg\u00f3.<\/p>\n<p>Los homenajes se realizar\u00e1n a lo largo y ancho de todo el pa\u00eds, en el Instituto Nacional Sanmartiniano, en el Regimiento de Granaderos y en las asociaciones sanmartinianas.<\/p>\n<p>En este contexto, L\u00f3pez adelant\u00f3 el anuncio sobre la presencia del Almirante Daniel Mart\u00edn, quien fuera el jefe General de la Armada, para el D\u00eda de la Armada (17 de Mayo) en la localidad. Fecha para la que se prepara un acto alusivo con la presencia de intendentes de la zona, adem\u00e1s de otras actividades.<\/p>\n<\/div>\n","protected":false},"excerpt":{"rendered":"<p>Jueves, 20 Febrero 2025\u00a0 &#8211;\u00a0 El martes 25 de febrero se cumple un nuevo aniversario del nacimiento del pr\u00f3cer nacional<\/p>\n","protected":false},"author":8,"featured_media":28048,"comment_status":"closed","ping_status":"closed","sticky":false,"template":"","format":"standard","meta":{"footnotes":""},"categories":[35],"tags":[],"class_list":["post-28047","post","type-post","status-publish","format-standard","has-post-thumbnail","hentry","category-sociedad"],"_links":{"self":[{"href":"https:\/\/ecosdelsur.com\/index.php?rest_route=\/wp\/v2\/posts\/28047","targetHints":{"allow":["GET"]}}],"collection":[{"href":"https:\/\/ecosdelsur.com\/index.php?rest_route=\/wp\/v2\/posts"}],"about":[{"href":"https:\/\/ecosdelsur.com\/index.php?rest_route=\/wp\/v2\/types\/post"}],"author":[{"embeddable":true,"href":"https:\/\/ecosdelsur.com\/index.php?rest_route=\/wp\/v2\/users\/8"}],"replies":[{"embeddable":true,"href":"https:\/\/ecosdelsur.com\/index.php?rest_route=%2Fwp%2Fv2%2Fcomments&post=28047"}],"version-history":[{"count":0,"href":"https:\/\/ecosdelsur.com\/index.php?rest_route=\/wp\/v2\/posts\/28047\/revisions"}],"wp:featuredmedia":[{"embeddable":true,"href":"https:\/\/ecosdelsur.com\/index.php?rest_route=\/wp\/v2\/media\/28048"}],"wp:attachment":[{"href":"https:\/\/ecosdelsur.com\/index.php?rest_route=%2Fwp%2Fv2%2Fmedia&parent=28047"}],"wp:term":[{"taxonomy":"category","embeddable":true,"href":"https:\/\/ecosdelsur.com\/index.php?rest_route=%2Fwp%2Fv2%2Fcategories&post=28047"},{"taxonomy":"post_tag","embeddable":true,"href":"https:\/\/ecosdelsur.com\/index.php?rest_route=%2Fwp%2Fv2%2Ftags&post=28047"}],"curies":[{"name":"wp","href":"https:\/\/api.w.org\/{rel}","templated":true}]}}