{"id":28039,"date":"2025-02-20T23:42:56","date_gmt":"2025-02-20T23:42:56","guid":{"rendered":"https:\/\/ecosdelsur.com\/?p=28039"},"modified":"2025-02-20T23:46:37","modified_gmt":"2025-02-20T23:46:37","slug":"natalia-gadano-le-hablo-directamente-a-milei-quiero-que-se-ocupe-de-ypf-de-las-represas-de-ycrt-de-la-pesca-y-de-las-rutas-detonadas-e-intransitables","status":"publish","type":"post","link":"https:\/\/ecosdelsur.com\/?p=28039","title":{"rendered":"Natalia Gadano le habl\u00f3 directamente a Milei: \u201cQuiero que se ocupe de YPF, de las represas, de YCRT, de la pesca y de las rutas detonadas e intransitables\u201d"},"content":{"rendered":"<div class=\"itemToolbar2\">\n<p><span style=\"color: #ff0000;\">\u00a0<\/span><span class=\"itemDateCreated\"><span style=\"color: #ff0000;\">Jueves, 20 Febrero 2025<\/span> &#8211; <\/span>La senadora nacional expuso durante el debate del proyecto de la suspensi\u00f3n de las PASO y le habl\u00f3 directamente al ejecutivo nacional pidi\u00e9ndole que sume a Santa Cruz a su agenda nacional para ser \u201cm\u00e1s federal\u201d y con \u201cperspectiva patag\u00f3nica\u201d.<\/p>\n<\/div>\n<p>En medio del debate por la suspensi\u00f3n de las PASO; la legisladora santacruce\u00f1a Gadano decidi\u00f3 exponer las adversidades que est\u00e1 atravesando Santa Cruz. Le pidi\u00f3 al presidente Javier Milei que se ocupe de los trabajadores despedidos de YPF, de las represas y sus inversores, de las retenciones de la pesca y de las rutas detonadas e intransitables.<\/p>\n<p>Por \u00faltimo, la legisladora le solicit\u00f3 a Milei que con suma urgencia aborde estas problem\u00e1ticas que aquejan a los santacruce\u00f1os. Cabe destacar que los senadores por Santa Cruz, Carambia y Gadano, decidieron presentar una moci\u00f3n que espera ser tratada durante los per\u00edodos ordinarios de sesiones legislativas para la creaci\u00f3n de un plan especial de regularizaci\u00f3n de contribuciones para los trabajadores de YPF, Compa\u00f1\u00eda General de Combustibles (GCG).<\/p>\n","protected":false},"excerpt":{"rendered":"<p>\u00a0Jueves, 20 Febrero 2025 &#8211; La senadora nacional expuso durante el debate del proyecto de la suspensi\u00f3n de las PASO<\/p>\n","protected":false},"author":8,"featured_media":28042,"comment_status":"closed","ping_status":"closed","sticky":false,"template":"","format":"standard","meta":{"footnotes":""},"categories":[35],"tags":[129,532,48,533],"class_list":["post-28039","post","type-post","status-publish","format-standard","has-post-thumbnail","hentry","category-sociedad","tag-ecosdelsur","tag-nataliagadano","tag-santa-cruz","tag-senadora"],"_links":{"self":[{"href":"https:\/\/ecosdelsur.com\/index.php?rest_route=\/wp\/v2\/posts\/28039","targetHints":{"allow":["GET"]}}],"collection":[{"href":"https:\/\/ecosdelsur.com\/index.php?rest_route=\/wp\/v2\/posts"}],"about":[{"href":"https:\/\/ecosdelsur.com\/index.php?rest_route=\/wp\/v2\/types\/post"}],"author":[{"embeddable":true,"href":"https:\/\/ecosdelsur.com\/index.php?rest_route=\/wp\/v2\/users\/8"}],"replies":[{"embeddable":true,"href":"https:\/\/ecosdelsur.com\/index.php?rest_route=%2Fwp%2Fv2%2Fcomments&post=28039"}],"version-history":[{"count":0,"href":"https:\/\/ecosdelsur.com\/index.php?rest_route=\/wp\/v2\/posts\/28039\/revisions"}],"wp:featuredmedia":[{"embeddable":true,"href":"https:\/\/ecosdelsur.com\/index.php?rest_route=\/wp\/v2\/media\/28042"}],"wp:attachment":[{"href":"https:\/\/ecosdelsur.com\/index.php?rest_route=%2Fwp%2Fv2%2Fmedia&parent=28039"}],"wp:term":[{"taxonomy":"category","embeddable":true,"href":"https:\/\/ecosdelsur.com\/index.php?rest_route=%2Fwp%2Fv2%2Fcategories&post=28039"},{"taxonomy":"post_tag","embeddable":true,"href":"https:\/\/ecosdelsur.com\/index.php?rest_route=%2Fwp%2Fv2%2Ftags&post=28039"}],"curies":[{"name":"wp","href":"https:\/\/api.w.org\/{rel}","templated":true}]}}