{"id":28031,"date":"2025-02-20T23:21:15","date_gmt":"2025-02-20T23:21:15","guid":{"rendered":"https:\/\/ecosdelsur.com\/?p=28031"},"modified":"2025-02-21T00:03:45","modified_gmt":"2025-02-21T00:03:45","slug":"ultima-fecha-pasajes-terrestres-con-70-de-descuento-para-estudiantes-de-educacion-superior","status":"publish","type":"post","link":"https:\/\/ecosdelsur.com\/?p=28031","title":{"rendered":"\u00daltima fecha: Pasajes terrestres con 70% de descuento para estudiantes de educaci\u00f3n superior"},"content":{"rendered":"<div class=\"itemToolbar2\">\n<p><span class=\"itemDateCreated\" style=\"color: #ff0000;\">Jueves, 20 Febrero 2025 &#8211; <\/span>Se aproxima la partida del segundo viaje para los estudiantes santacruce\u00f1os que cursan sus carreras universitarias y terciarias en las provincias de C\u00f3rdoba y Buenos Aires. Ante ello, desde la subsecretar\u00eda de Transporte, dependiente del Ministerio de la Producci\u00f3n, Comercio e Industria\u00a0 recuerdan el beneficio del 70% en el valor del pasaje.<\/p>\n<\/div>\n<div class=\"itemFullText\">\n<p>El Gobierno de la Provincia en pos de acompa\u00f1ar a los estudiantes santacruce\u00f1os que cursan sus carreras universitarias y terciarias en C\u00f3rdoba, Buenos Aires y La Plata lleva adelante la inscripci\u00f3n para la salida del transporte el d\u00eda 24 de febrero. Vale sostener que la inscripci\u00f3n se encuentra abierta y los interesados pueden acceder presentando ciertos requisitos: DNI y constancia de alumno regular.<\/p>\n<p>Jos\u00e9 Maldonado, subsecretario de Transporte, confirm\u00f3 que la propuesta ha sido un \u00e9xito en el primer contingente que parti\u00f3 el pasado 10 de febrero. \u201cGracias a la difusi\u00f3n que hicimos hubo el cupo completo de plazas y nuestros estudiantes llegaron a sus destinos, ahora para el lunes 24, ya est\u00e1 todo programado para la segunda salida\u201d, y asegur\u00f3 que \u201cquedan pocas vacantes por lo que pueden acercarse a las oficinas de Transporte, que est\u00e1n ubicadas en El Cano y Avellaneda\u201d.<\/p>\n<p>Recordemos que la Provincia concret\u00f3 la firma con Marga Taqsa y la modalidad del descuento es 70\/30 del valor del pasaje. &#8220;La Provincia cubre el 70% del costo del pasaje y los alumnos abonan el 30%. \u00c9ste es un logro para el 2025 y para los j\u00f3venes que van a estudiar fuera de Santa Cruz\u201d.<\/p>\n<p>&#8220;Es una vuelta a clases con importantes beneficios y claramente para las vacaciones de invierno tambi\u00e9n programaremos hechos concretos similares a estos&#8221;, indic\u00f3 oportunamente el funcionario.<\/p>\n<\/div>\n","protected":false},"excerpt":{"rendered":"<p>Jueves, 20 Febrero 2025 &#8211; Se aproxima la partida del segundo viaje para los estudiantes santacruce\u00f1os que cursan sus carreras<\/p>\n","protected":false},"author":8,"featured_media":28040,"comment_status":"closed","ping_status":"closed","sticky":false,"template":"","format":"standard","meta":{"footnotes":""},"categories":[89],"tags":[129,48],"class_list":["post-28031","post","type-post","status-publish","format-standard","has-post-thumbnail","hentry","category-educacion","tag-ecosdelsur","tag-santa-cruz"],"_links":{"self":[{"href":"https:\/\/ecosdelsur.com\/index.php?rest_route=\/wp\/v2\/posts\/28031","targetHints":{"allow":["GET"]}}],"collection":[{"href":"https:\/\/ecosdelsur.com\/index.php?rest_route=\/wp\/v2\/posts"}],"about":[{"href":"https:\/\/ecosdelsur.com\/index.php?rest_route=\/wp\/v2\/types\/post"}],"author":[{"embeddable":true,"href":"https:\/\/ecosdelsur.com\/index.php?rest_route=\/wp\/v2\/users\/8"}],"replies":[{"embeddable":true,"href":"https:\/\/ecosdelsur.com\/index.php?rest_route=%2Fwp%2Fv2%2Fcomments&post=28031"}],"version-history":[{"count":0,"href":"https:\/\/ecosdelsur.com\/index.php?rest_route=\/wp\/v2\/posts\/28031\/revisions"}],"wp:featuredmedia":[{"embeddable":true,"href":"https:\/\/ecosdelsur.com\/index.php?rest_route=\/wp\/v2\/media\/28040"}],"wp:attachment":[{"href":"https:\/\/ecosdelsur.com\/index.php?rest_route=%2Fwp%2Fv2%2Fmedia&parent=28031"}],"wp:term":[{"taxonomy":"category","embeddable":true,"href":"https:\/\/ecosdelsur.com\/index.php?rest_route=%2Fwp%2Fv2%2Fcategories&post=28031"},{"taxonomy":"post_tag","embeddable":true,"href":"https:\/\/ecosdelsur.com\/index.php?rest_route=%2Fwp%2Fv2%2Ftags&post=28031"}],"curies":[{"name":"wp","href":"https:\/\/api.w.org\/{rel}","templated":true}]}}