{"id":28026,"date":"2025-02-20T20:00:50","date_gmt":"2025-02-20T20:00:50","guid":{"rendered":"https:\/\/ecosdelsur.com\/?p=28026"},"modified":"2025-02-20T20:00:50","modified_gmt":"2025-02-20T20:00:50","slug":"apunalaron-a-un-hombre-en-supermercado-la-anonima-de-pico-truncado","status":"publish","type":"post","link":"https:\/\/ecosdelsur.com\/?p=28026","title":{"rendered":"Apu\u00f1alaron a un hombre en Supermercado La An\u00f3nima de Pico Truncado"},"content":{"rendered":"<p><span style=\"color: #ff0000;\">Mi\u00e9rcoles 19 de febrero de 2025 &#8211; <\/span>Sucedi\u00f3 en Pico Truncado y el agresor atac\u00f3 al hombre en el estacionamiento del local. La v\u00edctima est\u00e1 en terapia intensiva con pron\u00f3stico reservado.<img decoding=\"async\" class=\"wp-image-28029 alignleft lazyload\" data-src=\"https:\/\/ecosdelsur.com\/wp-content\/uploads\/2025\/02\/anonioma.jpg\" alt=\"\" width=\"535\" height=\"447\" data-srcset=\"https:\/\/ecosdelsur.com\/wp-content\/uploads\/2025\/02\/anonioma.jpg 934w, https:\/\/ecosdelsur.com\/wp-content\/uploads\/2025\/02\/anonioma-300x251.jpg 300w, https:\/\/ecosdelsur.com\/wp-content\/uploads\/2025\/02\/anonioma-768x642.jpg 768w\" data-sizes=\"(max-width: 535px) 100vw, 535px\" src=\"data:image\/svg+xml;base64,PHN2ZyB3aWR0aD0iMSIgaGVpZ2h0PSIxIiB4bWxucz0iaHR0cDovL3d3dy53My5vcmcvMjAwMC9zdmciPjwvc3ZnPg==\" style=\"--smush-placeholder-width: 535px; --smush-placeholder-aspect-ratio: 535\/447;\" \/><\/p>\n<p>Un violento ataque con arma blanca ocurri\u00f3 el martes por la tarde-noche en la ciudad de Pico Truncado. Un hombre de 25 a\u00f1os fue apu\u00f1alado en el estacionamiento de la sucursal del supermercado La An\u00f3nima, ubicada en la calle 20 de Noviembre 451.<\/p>\n<div class=\"adserver-zonas-noticias\" data-index=\"0\">\n<div id=\"Leaderboard_2\"><\/div>\n<div id=\"MobileBanner_2\">Seg\u00fan las primeras informaciones, la v\u00edctima ingresaba al local junto a su pareja cuando un hombre lleg\u00f3 en un veh\u00edculo y lo atac\u00f3 por la espalda con un cuchillo. Testigos indicaron que el agresor ser\u00eda la expareja de la mujer y que la emboscada ocurri\u00f3 junto al sector donde se guardan los carritos de compra. Tras la agresi\u00f3n, el joven qued\u00f3 tendido en el suelo con una importante p\u00e9rdida de sangre.<\/div>\n<\/div>\n<div class=\"adserver-zonas-noticias\" data-index=\"1\"><\/div>\n<p><img decoding=\"async\" class=\"wp-image-28028 alignright lazyload\" data-src=\"https:\/\/ecosdelsur.com\/wp-content\/uploads\/2025\/02\/anonima2.jpg\" alt=\"\" width=\"487\" height=\"274\" data-srcset=\"https:\/\/ecosdelsur.com\/wp-content\/uploads\/2025\/02\/anonima2.jpg 1024w, https:\/\/ecosdelsur.com\/wp-content\/uploads\/2025\/02\/anonima2-300x169.jpg 300w, https:\/\/ecosdelsur.com\/wp-content\/uploads\/2025\/02\/anonima2-768x432.jpg 768w\" data-sizes=\"(max-width: 487px) 100vw, 487px\" src=\"data:image\/svg+xml;base64,PHN2ZyB3aWR0aD0iMSIgaGVpZ2h0PSIxIiB4bWxucz0iaHR0cDovL3d3dy53My5vcmcvMjAwMC9zdmciPjwvc3ZnPg==\" style=\"--smush-placeholder-width: 487px; --smush-placeholder-aspect-ratio: 487\/274;\" \/>R\u00e1pidamente, personal de seguridad del supermercado y clientes que presenciaron la situaci\u00f3n asistieron al herido y dieron aviso a la Polic\u00eda y al servicio de emergencias. Minutos despu\u00e9s, la v\u00edctima fue trasladada al hospital local, donde ingres\u00f3 a terapia intensiva con pron\u00f3stico reservado. Aunque se estima que recibi\u00f3 al menos tres pu\u00f1aladas, a\u00fan no hay un parte m\u00e9dico oficial que confirme la gravedad de las heridas.<\/p>\n<p>Tras una r\u00e1pida investigaci\u00f3n, la Polic\u00eda de Santa Cruz identific\u00f3 al agresor y ubic\u00f3 el veh\u00edculo en el que se movilizaba. Personal de la Comisar\u00eda Primera y de la Divisi\u00f3n DDI de Pico Truncado montaron un operativo en una vivienda de la calle Saavedra al 900, donde lograron persuadir al sospechoso para que se entregue.<\/p>\n<p>El procedimiento estuvo supervisado por el comisario Alejandro Guti\u00e9rrez y el caso qued\u00f3 en manos del juez Leonardo Cimini. Paralelamente, la Divisi\u00f3n Gabinete Criminal\u00edstico realiz\u00f3 pericias tanto en la escena del crimen como en el veh\u00edculo del atacante.<\/p>\n","protected":false},"excerpt":{"rendered":"<p>Mi\u00e9rcoles 19 de febrero de 2025 &#8211; Sucedi\u00f3 en Pico Truncado y el agresor atac\u00f3 al hombre en el estacionamiento<\/p>\n","protected":false},"author":8,"featured_media":28027,"comment_status":"closed","ping_status":"closed","sticky":false,"template":"","format":"standard","meta":{"footnotes":""},"categories":[36],"tags":[],"class_list":["post-28026","post","type-post","status-publish","format-standard","has-post-thumbnail","hentry","category-policiales"],"_links":{"self":[{"href":"https:\/\/ecosdelsur.com\/index.php?rest_route=\/wp\/v2\/posts\/28026","targetHints":{"allow":["GET"]}}],"collection":[{"href":"https:\/\/ecosdelsur.com\/index.php?rest_route=\/wp\/v2\/posts"}],"about":[{"href":"https:\/\/ecosdelsur.com\/index.php?rest_route=\/wp\/v2\/types\/post"}],"author":[{"embeddable":true,"href":"https:\/\/ecosdelsur.com\/index.php?rest_route=\/wp\/v2\/users\/8"}],"replies":[{"embeddable":true,"href":"https:\/\/ecosdelsur.com\/index.php?rest_route=%2Fwp%2Fv2%2Fcomments&post=28026"}],"version-history":[{"count":0,"href":"https:\/\/ecosdelsur.com\/index.php?rest_route=\/wp\/v2\/posts\/28026\/revisions"}],"wp:featuredmedia":[{"embeddable":true,"href":"https:\/\/ecosdelsur.com\/index.php?rest_route=\/wp\/v2\/media\/28027"}],"wp:attachment":[{"href":"https:\/\/ecosdelsur.com\/index.php?rest_route=%2Fwp%2Fv2%2Fmedia&parent=28026"}],"wp:term":[{"taxonomy":"category","embeddable":true,"href":"https:\/\/ecosdelsur.com\/index.php?rest_route=%2Fwp%2Fv2%2Fcategories&post=28026"},{"taxonomy":"post_tag","embeddable":true,"href":"https:\/\/ecosdelsur.com\/index.php?rest_route=%2Fwp%2Fv2%2Ftags&post=28026"}],"curies":[{"name":"wp","href":"https:\/\/api.w.org\/{rel}","templated":true}]}}