{"id":28020,"date":"2025-02-20T19:29:49","date_gmt":"2025-02-20T19:29:49","guid":{"rendered":"https:\/\/ecosdelsur.com\/?p=28020"},"modified":"2025-02-20T19:49:32","modified_gmt":"2025-02-20T19:49:32","slug":"caleta-olivia-investigan-el-crimen-de-un-hombre-baleado-en-la-puerta-de-su-casa","status":"publish","type":"post","link":"https:\/\/ecosdelsur.com\/?p=28020","title":{"rendered":"Caleta Olivia: investigan el crimen de un hombre baleado en la puerta de su casa"},"content":{"rendered":"<div class=\"copete\"><span style=\"color: #ff0000;\">Mi\u00e9rcoles 19 de febrero de 2025\u00a0 &#8211;<\/span> Los efectivos encontraron a la v\u00edctima con signos vitales leves. Fue trasladado de urgencia al hospital local, en donde finalmente falleci\u00f3.<\/div>\n<div>\n<p>El hecho, investigado como homicidio, ocurri\u00f3 alrededor de la 1:15, cuando una llamada alert\u00f3 a la Comisar\u00eda Cuarta de aquella localidad sobre la presencia de un herido.<\/p>\n<p>Las primeras investigaciones indican que momentos antes del ataque la v\u00edctima estaba con sus hermanos y otras dos personas cuando se produjo una pelea. Testigos afirmaron haber escuchado al menos dos disparos, aparentemente realizados desde un veh\u00edculo.<\/p>\n<p>La Divisi\u00f3n Criminal\u00edstica encontr\u00f3 vainas en la escena, y el Juzgado de Instrucci\u00f3n N\u00b01 dispuso el traslado del cuerpo a R\u00edo Gallegos para la autopsia.<\/p>\n<p>Otro episodio de violencia casi en simult\u00e1neo: quer\u00eda acercarse a la escena del homicidio<br \/>\nMientras la polic\u00eda trabajaba en el lugar, se registr\u00f3 otro hecho violento en el barrio Ceferino. A las 1:30, un hombre armado con un cuchillo fue interceptado en la intersecci\u00f3n de las calles Dinamarca y San Francisco. Seg\u00fan fuentes policiales, la mujer que lo acompa\u00f1aba intentaba detenerlo mientras \u00e9l amenazaba a los agentes e intentaba dirigirse a la escena del homicidio.<\/p>\n<p>El hombre se resisti\u00f3 a las \u00f3rdenes policiales y fue reducido, siendo trasladado a la Comisar\u00eda Segunda. Durante el procedimiento, dos polic\u00edas sufrieron cortes leves. La investigaci\u00f3n contin\u00faa para esclarecer ambos hechos.<\/p>\n<\/div>\n","protected":false},"excerpt":{"rendered":"<p>Mi\u00e9rcoles 19 de febrero de 2025\u00a0 &#8211; Los efectivos encontraron a la v\u00edctima con signos vitales leves. Fue trasladado de<\/p>\n","protected":false},"author":8,"featured_media":28022,"comment_status":"closed","ping_status":"closed","sticky":false,"template":"","format":"standard","meta":{"footnotes":""},"categories":[36],"tags":[60,129],"class_list":["post-28020","post","type-post","status-publish","format-standard","has-post-thumbnail","hentry","category-policiales","tag-caleta-olivia","tag-ecosdelsur"],"_links":{"self":[{"href":"https:\/\/ecosdelsur.com\/index.php?rest_route=\/wp\/v2\/posts\/28020","targetHints":{"allow":["GET"]}}],"collection":[{"href":"https:\/\/ecosdelsur.com\/index.php?rest_route=\/wp\/v2\/posts"}],"about":[{"href":"https:\/\/ecosdelsur.com\/index.php?rest_route=\/wp\/v2\/types\/post"}],"author":[{"embeddable":true,"href":"https:\/\/ecosdelsur.com\/index.php?rest_route=\/wp\/v2\/users\/8"}],"replies":[{"embeddable":true,"href":"https:\/\/ecosdelsur.com\/index.php?rest_route=%2Fwp%2Fv2%2Fcomments&post=28020"}],"version-history":[{"count":0,"href":"https:\/\/ecosdelsur.com\/index.php?rest_route=\/wp\/v2\/posts\/28020\/revisions"}],"wp:featuredmedia":[{"embeddable":true,"href":"https:\/\/ecosdelsur.com\/index.php?rest_route=\/wp\/v2\/media\/28022"}],"wp:attachment":[{"href":"https:\/\/ecosdelsur.com\/index.php?rest_route=%2Fwp%2Fv2%2Fmedia&parent=28020"}],"wp:term":[{"taxonomy":"category","embeddable":true,"href":"https:\/\/ecosdelsur.com\/index.php?rest_route=%2Fwp%2Fv2%2Fcategories&post=28020"},{"taxonomy":"post_tag","embeddable":true,"href":"https:\/\/ecosdelsur.com\/index.php?rest_route=%2Fwp%2Fv2%2Ftags&post=28020"}],"curies":[{"name":"wp","href":"https:\/\/api.w.org\/{rel}","templated":true}]}}