{"id":28016,"date":"2025-02-20T19:06:39","date_gmt":"2025-02-20T19:06:39","guid":{"rendered":"https:\/\/ecosdelsur.com\/?p=28016"},"modified":"2025-02-20T19:08:15","modified_gmt":"2025-02-20T19:08:15","slug":"el-gobierno-provincial-sostiene-el-dialogo-y-ratifica-su-compromiso-con-la-educacion-y-el-salario-docente","status":"publish","type":"post","link":"https:\/\/ecosdelsur.com\/?p=28016","title":{"rendered":"El Gobierno Provincial sostiene el di\u00e1logo y ratifica su compromiso con la educaci\u00f3n y el salario docente"},"content":{"rendered":"<div class=\"itemToolbar2\">\n<p><span class=\"itemDateCreated\" style=\"color: #ff0000;\">Mi\u00e9rcoles, 19 Febrero 2025\u00a0 &#8211; <\/span>El Ejecutivo Provincial determin\u00f3 a la educaci\u00f3n, \u00a0como una de las pol\u00edticas prioritarias en Santa Cruz y bajo esa premisa trabaja arduamente. Hoy en la mesa de negociaci\u00f3n con las entidades gremiales ADOSAC y AMET, se presentaron propuestas en el marco de la actual situaci\u00f3n econ\u00f3mica y financiera del pa\u00eds, y la provincia. Es importante reconocer el esfuerzo que realiza el Gobierno en el proceso de recuperaci\u00f3n del salario docente que se inici\u00f3 en el 2024.<img decoding=\"async\" class=\"wp-image-28018 alignright lazyload\" data-src=\"https:\/\/ecosdelsur.com\/wp-content\/uploads\/2025\/02\/educacion2.jpg\" alt=\"\" width=\"501\" height=\"291\" data-srcset=\"https:\/\/ecosdelsur.com\/wp-content\/uploads\/2025\/02\/educacion2.jpg 640w, https:\/\/ecosdelsur.com\/wp-content\/uploads\/2025\/02\/educacion2-300x174.jpg 300w\" data-sizes=\"(max-width: 501px) 100vw, 501px\" src=\"data:image\/svg+xml;base64,PHN2ZyB3aWR0aD0iMSIgaGVpZ2h0PSIxIiB4bWxucz0iaHR0cDovL3d3dy53My5vcmcvMjAwMC9zdmciPjwvc3ZnPg==\" style=\"--smush-placeholder-width: 501px; --smush-placeholder-aspect-ratio: 501\/291;\" \/><\/p>\n<\/div>\n<div class=\"itemFullText\">\n<p>Se avanz\u00f3 con respuestas concretas a inquietudes, necesidades e inequidades hist\u00f3ricas del sector docente, proceso que continua durante este a\u00f1o, y necesitamos que los educadores de Santa Cruz sean parte, mejorando el di\u00e1logo. Debemos continuar con este proceso, en el marco de la responsabilidad y de las posibilidades econ\u00f3micas y financieras que inciden en los ingresos y egresos de nuestra provincia.<\/p>\n<p>La propuesta global tiene tres aspectos, primero la cl\u00e1usula gatillo desde febrero hasta diciembre, reconocer el proceso de recuperaci\u00f3n de enero, e incremento de las asignaciones escolares y ayuda por escolaridad.<\/p>\n<p>En detalle, la misma propone reunirnos en junio para revisar la evoluci\u00f3n de los indicadores econ\u00f3micos, considerar la recuperaci\u00f3n producida en enero por la aplicaci\u00f3n del 3,6% a los salarios contra el 2,5% registrado de inflaci\u00f3n en la regi\u00f3n patag\u00f3nica, adicionalmente el incremento del 100% en las asignaciones mencionadas precedentemente, emitidas por Decreto Provincial 0084\/2025.<\/p>\n<p>Como respuesta y de acuerdo al congreso llevado a cabo por los gremios, la misma fue rechazada, y en este sentido el gobierno contin\u00faa convocando al dialogo, y solicita que el mismo se produzca con los\/as estudiantes en las aulas.<\/p>\n<p>Asimismo, en el d\u00eda de ma\u00f1ana se llevar\u00e1 a cabo la reuni\u00f3n de subcomisi\u00f3n para tratar temas laborales.<\/p>\n<\/div>\n","protected":false},"excerpt":{"rendered":"<p>Mi\u00e9rcoles, 19 Febrero 2025\u00a0 &#8211; El Ejecutivo Provincial determin\u00f3 a la educaci\u00f3n, \u00a0como una de las pol\u00edticas prioritarias en Santa<\/p>\n","protected":false},"author":8,"featured_media":28017,"comment_status":"closed","ping_status":"closed","sticky":false,"template":"","format":"standard","meta":{"footnotes":""},"categories":[90],"tags":[70,129,71,48],"class_list":["post-28016","post","type-post","status-publish","format-standard","has-post-thumbnail","hentry","category-educacion-2","tag-adosac","tag-ecosdelsur","tag-educacion","tag-santa-cruz"],"_links":{"self":[{"href":"https:\/\/ecosdelsur.com\/index.php?rest_route=\/wp\/v2\/posts\/28016","targetHints":{"allow":["GET"]}}],"collection":[{"href":"https:\/\/ecosdelsur.com\/index.php?rest_route=\/wp\/v2\/posts"}],"about":[{"href":"https:\/\/ecosdelsur.com\/index.php?rest_route=\/wp\/v2\/types\/post"}],"author":[{"embeddable":true,"href":"https:\/\/ecosdelsur.com\/index.php?rest_route=\/wp\/v2\/users\/8"}],"replies":[{"embeddable":true,"href":"https:\/\/ecosdelsur.com\/index.php?rest_route=%2Fwp%2Fv2%2Fcomments&post=28016"}],"version-history":[{"count":0,"href":"https:\/\/ecosdelsur.com\/index.php?rest_route=\/wp\/v2\/posts\/28016\/revisions"}],"wp:featuredmedia":[{"embeddable":true,"href":"https:\/\/ecosdelsur.com\/index.php?rest_route=\/wp\/v2\/media\/28017"}],"wp:attachment":[{"href":"https:\/\/ecosdelsur.com\/index.php?rest_route=%2Fwp%2Fv2%2Fmedia&parent=28016"}],"wp:term":[{"taxonomy":"category","embeddable":true,"href":"https:\/\/ecosdelsur.com\/index.php?rest_route=%2Fwp%2Fv2%2Fcategories&post=28016"},{"taxonomy":"post_tag","embeddable":true,"href":"https:\/\/ecosdelsur.com\/index.php?rest_route=%2Fwp%2Fv2%2Ftags&post=28016"}],"curies":[{"name":"wp","href":"https:\/\/api.w.org\/{rel}","templated":true}]}}