{"id":28003,"date":"2025-02-20T05:33:06","date_gmt":"2025-02-20T05:33:06","guid":{"rendered":"https:\/\/ecosdelsur.com\/?p=28003"},"modified":"2025-02-20T05:33:06","modified_gmt":"2025-02-20T05:33:06","slug":"el-ejercito-hizo-base-en-caleta-olivia-para-inscribir-a-aspirantes-a-soldados-voluntarios","status":"publish","type":"post","link":"https:\/\/ecosdelsur.com\/?p=28003","title":{"rendered":"El Ej\u00e9rcito hizo base en Caleta Olivia para\u00a0 inscribir a\u00a0 aspirantes a soldados voluntarios"},"content":{"rendered":"<div class=\"row\">\n<div class=\"col-xs-12\">\n<div class=\"itemToolbar2\">\n<p><span class=\"itemDateCreated\" style=\"color: #ff0000;\">Mi\u00e9rcoles, 19 Febrero 2025 &#8211; <\/span>Una comisi\u00f3n del Centro de Reclutamiento del Ej\u00e9rcito Argentino dependiente del Comando de la IX Brigada de Infanter\u00eda Mecanizada con asiento en Comodoro Rivadavia, arrib\u00f3 este mi\u00e9rcoles a Caleta Olivia para facilitar la inscripci\u00f3n de j\u00f3venes de ambos sexos que desean incorporarse como soldados voluntarios a esta fuerza armada.<img decoding=\"async\" class=\"alignnone size-full wp-image-28005 lazyload\" data-src=\"https:\/\/ecosdelsur.com\/wp-content\/uploads\/2025\/02\/DSC_0118.jpg\" alt=\"\" width=\"1024\" height=\"678\" data-srcset=\"https:\/\/ecosdelsur.com\/wp-content\/uploads\/2025\/02\/DSC_0118.jpg 1024w, https:\/\/ecosdelsur.com\/wp-content\/uploads\/2025\/02\/DSC_0118-300x199.jpg 300w, https:\/\/ecosdelsur.com\/wp-content\/uploads\/2025\/02\/DSC_0118-768x509.jpg 768w\" data-sizes=\"(max-width: 1024px) 100vw, 1024px\" src=\"data:image\/svg+xml;base64,PHN2ZyB3aWR0aD0iMSIgaGVpZ2h0PSIxIiB4bWxucz0iaHR0cDovL3d3dy53My5vcmcvMjAwMC9zdmciPjwvc3ZnPg==\" style=\"--smush-placeholder-width: 1024px; --smush-placeholder-aspect-ratio: 1024\/678;\" \/><\/p>\n<\/div>\n<\/div>\n<\/div>\n<div class=\"interiorCopete\">\n<p>La misma estuvo integrada por el suboficial principal Enzo Ariel Torres; el suboficial principal Juan Luna y el sargento \u00b7Eladio Cardozo, contando con el apoyo de la Asociaci\u00f3n de Veteranos de Guerra de Malvinas que preside Luis Maza, la cual facilit\u00f3 sus instalaciones ubicadas en el barrio Parque.<\/p>\n<p>Enzo <strong>\u00a0<\/strong>Torres coment\u00f3 que durante 2024 fue notoria la cantidad de j\u00f3venes de la zona norte de Santa Cruz que viajaron hasta Comodoro Rivadavia para inscribirse, por lo cual este a\u00f1o se decidi\u00f3 facilitar el tr\u00e1mite y extender ese servicio de manera presencial en Caleta Olivia, algo que se replicara posteriormente en Pico Truncado y Las Heras.<\/p>\n<p>Respecto a los requisitos b\u00e1sicos, los aspirantes deben tener entre 18 y 24 a\u00f1os y aprobar un examen m\u00e9dico y psicol\u00f3gico.<\/p>\n<p>En el caso de ser aceptados, deben aprobar un curso de formaci\u00f3n de diez semanas y desde un primer momento tienen un sueldo con aportes jubilatorios y obra social.<\/p>\n<p>Destac\u00f3 adem\u00e1s que en el curso de los \u00faltimos a\u00f1os es notable la gran cantidad de mujeres que se inscriben para ingresar a esta fuerza, las cuales tienen las mismas exigencias que los hombres.<\/p>\n<p>Por otra parte cit\u00f3 que las principales razones de incorporaci\u00f3n tienen que ver no solo con una formaci\u00f3n profesional sino tambi\u00e9n por cuestiones laborales dado que ven que el Ej\u00e9rcito les asegura solidez econ\u00f3mica y una carrera profesional<\/p>\n<\/div>\n","protected":false},"excerpt":{"rendered":"<p>Mi\u00e9rcoles, 19 Febrero 2025 &#8211; Una comisi\u00f3n del Centro de Reclutamiento del Ej\u00e9rcito Argentino dependiente del Comando de la IX<\/p>\n","protected":false},"author":8,"featured_media":28007,"comment_status":"closed","ping_status":"closed","sticky":false,"template":"","format":"standard","meta":{"footnotes":""},"categories":[87],"tags":[],"class_list":["post-28003","post","type-post","status-publish","format-standard","has-post-thumbnail","hentry","category-provinciales"],"_links":{"self":[{"href":"https:\/\/ecosdelsur.com\/index.php?rest_route=\/wp\/v2\/posts\/28003","targetHints":{"allow":["GET"]}}],"collection":[{"href":"https:\/\/ecosdelsur.com\/index.php?rest_route=\/wp\/v2\/posts"}],"about":[{"href":"https:\/\/ecosdelsur.com\/index.php?rest_route=\/wp\/v2\/types\/post"}],"author":[{"embeddable":true,"href":"https:\/\/ecosdelsur.com\/index.php?rest_route=\/wp\/v2\/users\/8"}],"replies":[{"embeddable":true,"href":"https:\/\/ecosdelsur.com\/index.php?rest_route=%2Fwp%2Fv2%2Fcomments&post=28003"}],"version-history":[{"count":0,"href":"https:\/\/ecosdelsur.com\/index.php?rest_route=\/wp\/v2\/posts\/28003\/revisions"}],"wp:featuredmedia":[{"embeddable":true,"href":"https:\/\/ecosdelsur.com\/index.php?rest_route=\/wp\/v2\/media\/28007"}],"wp:attachment":[{"href":"https:\/\/ecosdelsur.com\/index.php?rest_route=%2Fwp%2Fv2%2Fmedia&parent=28003"}],"wp:term":[{"taxonomy":"category","embeddable":true,"href":"https:\/\/ecosdelsur.com\/index.php?rest_route=%2Fwp%2Fv2%2Fcategories&post=28003"},{"taxonomy":"post_tag","embeddable":true,"href":"https:\/\/ecosdelsur.com\/index.php?rest_route=%2Fwp%2Fv2%2Ftags&post=28003"}],"curies":[{"name":"wp","href":"https:\/\/api.w.org\/{rel}","templated":true}]}}