{"id":27130,"date":"2025-01-12T20:03:46","date_gmt":"2025-01-12T20:03:46","guid":{"rendered":"https:\/\/ecosdelsur.com\/?p=27130"},"modified":"2025-01-12T20:06:35","modified_gmt":"2025-01-12T20:06:35","slug":"avanza-el-hormigonado-en-la-ciudad","status":"publish","type":"post","link":"https:\/\/ecosdelsur.com\/?p=27130","title":{"rendered":"Avanza el Hormigonado en la Ciudad"},"content":{"rendered":"<p><span style=\"color: #ff0000;\">Domingo 12 de enero de 2025 &#8211;<\/span> La Municipalidad de Caleta Olivia en una tarea ejecutada por la Secretar\u00eda de Obras P\u00fablicas, Servicios y Transporte inici\u00f3 el a\u00f1o con tareas de hormigonado en la Avenida Tierra de Fuego. Se avanz\u00f3 con 120 metros lineales de pavimento en la primera semana.<\/p>\n<figure class=\"wp-block-image size-large\"><img decoding=\"async\" class=\"alignnone size-full wp-image-27135 lazyload\" data-src=\"https:\/\/ecosdelsur.com\/wp-content\/uploads\/2025\/01\/WhatsApp-Image-2025-01-10-at-12.59.56-PM-1-1024x577-3.jpeg\" alt=\"\" width=\"863\" height=\"510\" data-srcset=\"https:\/\/ecosdelsur.com\/wp-content\/uploads\/2025\/01\/WhatsApp-Image-2025-01-10-at-12.59.56-PM-1-1024x577-3.jpeg 863w, https:\/\/ecosdelsur.com\/wp-content\/uploads\/2025\/01\/WhatsApp-Image-2025-01-10-at-12.59.56-PM-1-1024x577-3-300x177.jpeg 300w, https:\/\/ecosdelsur.com\/wp-content\/uploads\/2025\/01\/WhatsApp-Image-2025-01-10-at-12.59.56-PM-1-1024x577-3-768x454.jpeg 768w\" data-sizes=\"(max-width: 863px) 100vw, 863px\" src=\"data:image\/svg+xml;base64,PHN2ZyB3aWR0aD0iMSIgaGVpZ2h0PSIxIiB4bWxucz0iaHR0cDovL3d3dy53My5vcmcvMjAwMC9zdmciPjwvc3ZnPg==\" style=\"--smush-placeholder-width: 863px; --smush-placeholder-aspect-ratio: 863\/510;\" \/><\/figure>\n<p>Seg\u00fan Daniel Barrera, secretario de Obras P\u00fablicas, Servicios y Transporte, se fusionaron dos cuadrillas del \u00e1rea de pavimento, m\u00e1s mixeros, planta de hormig\u00f3n y log\u00edstica para llevar adelante este despliegue. Asimismo, agreg\u00f3 que primero prev\u00e9 contar con los recursos necesarios para progresar con la planificaci\u00f3n, fundamentalmente disponer de los materiales como cemento y \u00e1ridos.<\/p>\n<figure class=\"wp-block-image size-large\"><img decoding=\"async\" class=\"wp-image-9670 lazyload\" data-src=\"https:\/\/caletaolivia.gov.ar\/wp-content\/uploads\/2025\/01\/WhatsApp-Image-2025-01-10-at-12.59.56-PM-1024x577.jpeg\" data-sizes=\"(max-width: 1024px) 100vw, 1024px\" data-srcset=\"https:\/\/caletaolivia.gov.ar\/wp-content\/uploads\/2025\/01\/WhatsApp-Image-2025-01-10-at-12.59.56-PM-1024x577.jpeg 1024w, https:\/\/caletaolivia.gov.ar\/wp-content\/uploads\/2025\/01\/WhatsApp-Image-2025-01-10-at-12.59.56-PM-300x169.jpeg 300w, https:\/\/caletaolivia.gov.ar\/wp-content\/uploads\/2025\/01\/WhatsApp-Image-2025-01-10-at-12.59.56-PM-768x432.jpeg 768w, https:\/\/caletaolivia.gov.ar\/wp-content\/uploads\/2025\/01\/WhatsApp-Image-2025-01-10-at-12.59.56-PM.jpeg 1428w\" alt=\"\" width=\"1024\" height=\"577\" src=\"data:image\/svg+xml;base64,PHN2ZyB3aWR0aD0iMSIgaGVpZ2h0PSIxIiB4bWxucz0iaHR0cDovL3d3dy53My5vcmcvMjAwMC9zdmciPjwvc3ZnPg==\" style=\"--smush-placeholder-width: 1024px; --smush-placeholder-aspect-ratio: 1024\/577;\" \/><\/figure>\n<p><strong>Plan de Bacheo<\/strong><\/p>\n<p>En paralelo, se est\u00e1 llevando a cabo el Plan de Bacheo en diferentes puntos de la ciudad, como 8 de Julio y Santa Mar\u00eda. Barrera explic\u00f3 que el adoqu\u00edn es una buena opci\u00f3n para reparar baches peque\u00f1os, ya que permite habilitar la calle r\u00e1pidamente sin interrumpir el tr\u00e1nsito.<\/p>\n<figure class=\"wp-block-image size-large\"><img decoding=\"async\" class=\"wp-image-9671 lazyload\" data-src=\"https:\/\/caletaolivia.gov.ar\/wp-content\/uploads\/2025\/01\/WhatsApp-Image-2025-01-10-at-12.59.57-PM-1-1024x588.jpeg\" data-sizes=\"(max-width: 1024px) 100vw, 1024px\" data-srcset=\"https:\/\/caletaolivia.gov.ar\/wp-content\/uploads\/2025\/01\/WhatsApp-Image-2025-01-10-at-12.59.57-PM-1-1024x588.jpeg 1024w, https:\/\/caletaolivia.gov.ar\/wp-content\/uploads\/2025\/01\/WhatsApp-Image-2025-01-10-at-12.59.57-PM-1-300x172.jpeg 300w, https:\/\/caletaolivia.gov.ar\/wp-content\/uploads\/2025\/01\/WhatsApp-Image-2025-01-10-at-12.59.57-PM-1-768x441.jpeg 768w, https:\/\/caletaolivia.gov.ar\/wp-content\/uploads\/2025\/01\/WhatsApp-Image-2025-01-10-at-12.59.57-PM-1.jpeg 1399w\" alt=\"\" width=\"1024\" height=\"588\" src=\"data:image\/svg+xml;base64,PHN2ZyB3aWR0aD0iMSIgaGVpZ2h0PSIxIiB4bWxucz0iaHR0cDovL3d3dy53My5vcmcvMjAwMC9zdmciPjwvc3ZnPg==\" style=\"--smush-placeholder-width: 1024px; --smush-placeholder-aspect-ratio: 1024\/588;\" \/><\/figure>\n<p>En esta l\u00ednea de trabajo, inform\u00f3 que se han reparado alrededor de 200 baches el a\u00f1o pasado, aunque a\u00fan hay muchos m\u00e1s para arreglar. Actualmente, se est\u00e1n llevando a cabo arreglo de veredas en distintas zonas, puntualmente en la intersecci\u00f3n de las calles Salaberry e Independencia.<\/p>\n","protected":false},"excerpt":{"rendered":"<p>Domingo 12 de enero de 2025 &#8211; La Municipalidad de Caleta Olivia en una tarea ejecutada por la Secretar\u00eda de<\/p>\n","protected":false},"author":8,"featured_media":27137,"comment_status":"closed","ping_status":"closed","sticky":false,"template":"","format":"standard","meta":{"footnotes":""},"categories":[40],"tags":[],"class_list":["post-27130","post","type-post","status-publish","format-standard","has-post-thumbnail","hentry","category-municipales"],"_links":{"self":[{"href":"https:\/\/ecosdelsur.com\/index.php?rest_route=\/wp\/v2\/posts\/27130","targetHints":{"allow":["GET"]}}],"collection":[{"href":"https:\/\/ecosdelsur.com\/index.php?rest_route=\/wp\/v2\/posts"}],"about":[{"href":"https:\/\/ecosdelsur.com\/index.php?rest_route=\/wp\/v2\/types\/post"}],"author":[{"embeddable":true,"href":"https:\/\/ecosdelsur.com\/index.php?rest_route=\/wp\/v2\/users\/8"}],"replies":[{"embeddable":true,"href":"https:\/\/ecosdelsur.com\/index.php?rest_route=%2Fwp%2Fv2%2Fcomments&post=27130"}],"version-history":[{"count":0,"href":"https:\/\/ecosdelsur.com\/index.php?rest_route=\/wp\/v2\/posts\/27130\/revisions"}],"wp:featuredmedia":[{"embeddable":true,"href":"https:\/\/ecosdelsur.com\/index.php?rest_route=\/wp\/v2\/media\/27137"}],"wp:attachment":[{"href":"https:\/\/ecosdelsur.com\/index.php?rest_route=%2Fwp%2Fv2%2Fmedia&parent=27130"}],"wp:term":[{"taxonomy":"category","embeddable":true,"href":"https:\/\/ecosdelsur.com\/index.php?rest_route=%2Fwp%2Fv2%2Fcategories&post=27130"},{"taxonomy":"post_tag","embeddable":true,"href":"https:\/\/ecosdelsur.com\/index.php?rest_route=%2Fwp%2Fv2%2Ftags&post=27130"}],"curies":[{"name":"wp","href":"https:\/\/api.w.org\/{rel}","templated":true}]}}