{"id":27125,"date":"2025-01-12T05:16:51","date_gmt":"2025-01-12T05:16:51","guid":{"rendered":"https:\/\/ecosdelsur.com\/?p=27125"},"modified":"2025-01-12T05:17:21","modified_gmt":"2025-01-12T05:17:21","slug":"se-concreto-el-primer-encuentro-de-escenario-abierto","status":"publish","type":"post","link":"https:\/\/ecosdelsur.com\/?p=27125","title":{"rendered":"Se concret\u00f3 el primer encuentro de \u201cEscenario Abierto\u201d"},"content":{"rendered":"<p><span style=\"color: #ff0000;\">S\u00e1bado, 11 Enero 2025 &#8211; <span style=\"color: #003300;\">E<\/span><\/span>l evento tuvo lugar este s\u00e1bado en plaza \u201c20 de Noviembre\u201d organizado por la secretar\u00eda de Pol\u00edticas Integrales para la Igualdad de la Municipalidad de Caleta Olivia, brindando un espacio abierto para que artistas emergentes de diversas disciplinas pudieran compartir su arte con la comunidad.<img decoding=\"async\" class=\"alignnone size-full wp-image-27126 lazyload\" data-src=\"https:\/\/ecosdelsur.com\/wp-content\/uploads\/2025\/01\/WhatsApp-Image-2025-01-11-at-21.04.42-1-1024x551-1.jpeg\" alt=\"\" width=\"819\" height=\"495\" data-srcset=\"https:\/\/ecosdelsur.com\/wp-content\/uploads\/2025\/01\/WhatsApp-Image-2025-01-11-at-21.04.42-1-1024x551-1.jpeg 819w, https:\/\/ecosdelsur.com\/wp-content\/uploads\/2025\/01\/WhatsApp-Image-2025-01-11-at-21.04.42-1-1024x551-1-300x181.jpeg 300w, https:\/\/ecosdelsur.com\/wp-content\/uploads\/2025\/01\/WhatsApp-Image-2025-01-11-at-21.04.42-1-1024x551-1-768x464.jpeg 768w\" data-sizes=\"(max-width: 819px) 100vw, 819px\" src=\"data:image\/svg+xml;base64,PHN2ZyB3aWR0aD0iMSIgaGVpZ2h0PSIxIiB4bWxucz0iaHR0cDovL3d3dy53My5vcmcvMjAwMC9zdmciPjwvc3ZnPg==\" style=\"--smush-placeholder-width: 819px; --smush-placeholder-aspect-ratio: 819\/495;\" \/><\/p>\n<p>La subsecretaria de Juventudes, Laura Carrizo, sostuvo que la iniciativa busca registrar, impulsar y acompa\u00f1ar desde la secretar\u00eda de Pol\u00edticas Integrales para la Igualdad, a todos los artistas emergentes que expresan su arte a trav\u00e9s de la danza m\u00fasica, stand up, poes\u00eda o escritura.<\/p>\n<p>\u201cLa idea de esta propuesta es arrancar el a\u00f1o llamando a todos los artistas locales que quiz\u00e1s no han encontrado un lugar donde mostrar su arte, nosotros los queremos acompa\u00f1ar\u201d, expres\u00f3.<\/p>\n<p>Asimismo, destac\u00f3 que la respuesta en este primer encuentro fue muy favorable y tambi\u00e9n una oportunidad para hacer contacto con j\u00f3venes que transitan por estos espacios p\u00fablicos para escuchar sus inquietudes y a su vez, brindarles informaci\u00f3n sobre los programas y actividades que se impulsan desde el \u00e1rea.<\/p>\n<p>Finalmente, Carrizo se\u00f1al\u00f3 que estos espacios tendr\u00e1n continuidad a lo largo del a\u00f1o, \u201cvamos a ir creando un registro para tenerlos en cuenta al momento que se genere un evento, para que sigan teniendo lugares donde mostrar su arte\u201d, puntualiz\u00f3.<\/p>\n","protected":false},"excerpt":{"rendered":"<p>S\u00e1bado, 11 Enero 2025 &#8211; El evento tuvo lugar este s\u00e1bado en plaza \u201c20 de Noviembre\u201d organizado por la secretar\u00eda<\/p>\n","protected":false},"author":8,"featured_media":27127,"comment_status":"closed","ping_status":"closed","sticky":false,"template":"","format":"standard","meta":{"footnotes":""},"categories":[38],"tags":[],"class_list":["post-27125","post","type-post","status-publish","format-standard","has-post-thumbnail","hentry","category-espectaculos"],"_links":{"self":[{"href":"https:\/\/ecosdelsur.com\/index.php?rest_route=\/wp\/v2\/posts\/27125","targetHints":{"allow":["GET"]}}],"collection":[{"href":"https:\/\/ecosdelsur.com\/index.php?rest_route=\/wp\/v2\/posts"}],"about":[{"href":"https:\/\/ecosdelsur.com\/index.php?rest_route=\/wp\/v2\/types\/post"}],"author":[{"embeddable":true,"href":"https:\/\/ecosdelsur.com\/index.php?rest_route=\/wp\/v2\/users\/8"}],"replies":[{"embeddable":true,"href":"https:\/\/ecosdelsur.com\/index.php?rest_route=%2Fwp%2Fv2%2Fcomments&post=27125"}],"version-history":[{"count":0,"href":"https:\/\/ecosdelsur.com\/index.php?rest_route=\/wp\/v2\/posts\/27125\/revisions"}],"wp:featuredmedia":[{"embeddable":true,"href":"https:\/\/ecosdelsur.com\/index.php?rest_route=\/wp\/v2\/media\/27127"}],"wp:attachment":[{"href":"https:\/\/ecosdelsur.com\/index.php?rest_route=%2Fwp%2Fv2%2Fmedia&parent=27125"}],"wp:term":[{"taxonomy":"category","embeddable":true,"href":"https:\/\/ecosdelsur.com\/index.php?rest_route=%2Fwp%2Fv2%2Fcategories&post=27125"},{"taxonomy":"post_tag","embeddable":true,"href":"https:\/\/ecosdelsur.com\/index.php?rest_route=%2Fwp%2Fv2%2Ftags&post=27125"}],"curies":[{"name":"wp","href":"https:\/\/api.w.org\/{rel}","templated":true}]}}