{"id":27121,"date":"2025-01-11T19:17:07","date_gmt":"2025-01-11T19:17:07","guid":{"rendered":"https:\/\/ecosdelsur.com\/?p=27121"},"modified":"2025-01-11T19:17:22","modified_gmt":"2025-01-11T19:17:22","slug":"incendio-vehicular-en-puerto-san-julian-investigan-las-causas","status":"publish","type":"post","link":"https:\/\/ecosdelsur.com\/?p=27121","title":{"rendered":"Incendio vehicular en Puerto San Juli\u00e1n: investigan las causas"},"content":{"rendered":"<p><span style=\"color: #ff0000;\">S\u00e1bado, 11 Enero 2025 &#8211;<\/span> En la madrugada de hoy, efectivos de la Divisi\u00f3n Cuartel 3\u00b0 de Puerto San Juli\u00e1n intervinieron en un incendio vehicular registrado en la calle Lavalle al 1200. El siniestro fue reportado a trav\u00e9s de un llamado an\u00f3nimo a las 05:00 horas, alertando sobre un veh\u00edculo que hab\u00eda colisionado contra un poste de alumbrado p\u00fablico y estaba en llamas.<img decoding=\"async\" class=\"alignnone size-full wp-image-27123 lazyload\" data-src=\"https:\/\/ecosdelsur.com\/wp-content\/uploads\/2025\/01\/WhatsApp-Image-2025-01-11-at-13.54.52-copia.jpeg\" alt=\"\" width=\"1024\" height=\"618\" data-srcset=\"https:\/\/ecosdelsur.com\/wp-content\/uploads\/2025\/01\/WhatsApp-Image-2025-01-11-at-13.54.52-copia.jpeg 1024w, https:\/\/ecosdelsur.com\/wp-content\/uploads\/2025\/01\/WhatsApp-Image-2025-01-11-at-13.54.52-copia-300x181.jpeg 300w, https:\/\/ecosdelsur.com\/wp-content\/uploads\/2025\/01\/WhatsApp-Image-2025-01-11-at-13.54.52-copia-768x464.jpeg 768w\" data-sizes=\"(max-width: 1024px) 100vw, 1024px\" src=\"data:image\/svg+xml;base64,PHN2ZyB3aWR0aD0iMSIgaGVpZ2h0PSIxIiB4bWxucz0iaHR0cDovL3d3dy53My5vcmcvMjAwMC9zdmciPjwvc3ZnPg==\" style=\"--smush-placeholder-width: 1024px; --smush-placeholder-aspect-ratio: 1024\/618;\" \/><\/p>\n<p>El personal de bomberos arrib\u00f3 al lugar con una dotaci\u00f3n, quienes r\u00e1pidamente se desplegaron y sofocaron el incendio. Asimismo, procedieron a desconectar la bater\u00eda del autom\u00f3vil para evitar mayores riesgos.<\/p>\n<p>El veh\u00edculo siniestrado, un Chevrolet Aveo color gris, se encontraba totalmente incendiado, sin ocupantes en su interior ni en las inmediaciones. Tras controlar las llamas, se solicit\u00f3 la intervenci\u00f3n de la Divisi\u00f3n Criminal\u00edstica, personal de Tr\u00e1nsito Municipal y efectivos de la Divisi\u00f3n Comisar\u00eda Primera, quienes realizaron las primeras diligencias en el lugar.<\/p>\n<p>De acuerdo con las averiguaciones preliminares, se logr\u00f3 identificar a un posible due\u00f1o \u00a0del veh\u00edculo, domiciliado en el Barrio 50 Viviendas. Sin embargo, al momento de la intervenci\u00f3n policial, no fue posible localizar al propietario en su domicilio ni se reportaron ingresos de lesionados en el hospital local.<\/p>\n<p>El rodado fue secuestrado preventivamente, y se iniciaron actuaciones judiciales de oficio con el objetivo de determinar las causas del incendio y la identidad del conductor. Adem\u00e1s, se est\u00e1n analizando las c\u00e1maras de seguridad de la zona para obtener mayores detalles sobre el hecho.<\/p>\n","protected":false},"excerpt":{"rendered":"<p>S\u00e1bado, 11 Enero 2025 &#8211; En la madrugada de hoy, efectivos de la Divisi\u00f3n Cuartel 3\u00b0 de Puerto San Juli\u00e1n<\/p>\n","protected":false},"author":8,"featured_media":27122,"comment_status":"closed","ping_status":"closed","sticky":false,"template":"","format":"standard","meta":{"footnotes":""},"categories":[36],"tags":[334,61],"class_list":["post-27121","post","type-post","status-publish","format-standard","has-post-thumbnail","hentry","category-policiales","tag-incendio","tag-policiales"],"_links":{"self":[{"href":"https:\/\/ecosdelsur.com\/index.php?rest_route=\/wp\/v2\/posts\/27121","targetHints":{"allow":["GET"]}}],"collection":[{"href":"https:\/\/ecosdelsur.com\/index.php?rest_route=\/wp\/v2\/posts"}],"about":[{"href":"https:\/\/ecosdelsur.com\/index.php?rest_route=\/wp\/v2\/types\/post"}],"author":[{"embeddable":true,"href":"https:\/\/ecosdelsur.com\/index.php?rest_route=\/wp\/v2\/users\/8"}],"replies":[{"embeddable":true,"href":"https:\/\/ecosdelsur.com\/index.php?rest_route=%2Fwp%2Fv2%2Fcomments&post=27121"}],"version-history":[{"count":0,"href":"https:\/\/ecosdelsur.com\/index.php?rest_route=\/wp\/v2\/posts\/27121\/revisions"}],"wp:featuredmedia":[{"embeddable":true,"href":"https:\/\/ecosdelsur.com\/index.php?rest_route=\/wp\/v2\/media\/27122"}],"wp:attachment":[{"href":"https:\/\/ecosdelsur.com\/index.php?rest_route=%2Fwp%2Fv2%2Fmedia&parent=27121"}],"wp:term":[{"taxonomy":"category","embeddable":true,"href":"https:\/\/ecosdelsur.com\/index.php?rest_route=%2Fwp%2Fv2%2Fcategories&post=27121"},{"taxonomy":"post_tag","embeddable":true,"href":"https:\/\/ecosdelsur.com\/index.php?rest_route=%2Fwp%2Fv2%2Ftags&post=27121"}],"curies":[{"name":"wp","href":"https:\/\/api.w.org\/{rel}","templated":true}]}}