{"id":27113,"date":"2025-01-11T18:44:27","date_gmt":"2025-01-11T18:44:27","guid":{"rendered":"https:\/\/ecosdelsur.com\/?p=27113"},"modified":"2025-01-11T18:46:02","modified_gmt":"2025-01-11T18:46:02","slug":"sigue-la-investigacion-por-los-hechos-en-el-b2-de-abril-hubo-allanamientos","status":"publish","type":"post","link":"https:\/\/ecosdelsur.com\/?p=27113","title":{"rendered":"Siguen investigando  por los hechos del B\u00b02 de abril, hubo \u00a0allanamientos"},"content":{"rendered":"<p><span style=\"color: #ff0000;\">S\u00e1bado, 11 Enero 2025 &#8211;\u00a0<\/span> En el marco de las investigaciones por el tiroteo que\u00a0 ocurri\u00f3 en el B\u00b0 2 de Abril de la ciudad del Gorosito, personal de la Divisi\u00f3n de Investigaciones (DDI) de Caleta Olivia y Puerto Deseado llevaron a cabo nuevos allanamientos, sum\u00e1ndose a los ocho procedimientos ya realizados el pasado 9 de Enero.<img decoding=\"async\" class=\"alignnone size-full wp-image-27114 lazyload\" data-src=\"https:\/\/ecosdelsur.com\/wp-content\/uploads\/2025\/01\/9b5bb1f4-3b72-489f-b864-b1b636ef29cb.jpg\" alt=\"\" width=\"1024\" height=\"768\" data-srcset=\"https:\/\/ecosdelsur.com\/wp-content\/uploads\/2025\/01\/9b5bb1f4-3b72-489f-b864-b1b636ef29cb.jpg 1024w, https:\/\/ecosdelsur.com\/wp-content\/uploads\/2025\/01\/9b5bb1f4-3b72-489f-b864-b1b636ef29cb-300x225.jpg 300w, https:\/\/ecosdelsur.com\/wp-content\/uploads\/2025\/01\/9b5bb1f4-3b72-489f-b864-b1b636ef29cb-768x576.jpg 768w\" data-sizes=\"(max-width: 1024px) 100vw, 1024px\" src=\"data:image\/svg+xml;base64,PHN2ZyB3aWR0aD0iMSIgaGVpZ2h0PSIxIiB4bWxucz0iaHR0cDovL3d3dy53My5vcmcvMjAwMC9zdmciPjwvc3ZnPg==\" style=\"--smush-placeholder-width: 1024px; --smush-placeholder-aspect-ratio: 1024\/768;\" \/><\/p>\n<p>Por orden del Juzgado de Instrucci\u00f3n N\u00b0 2, a cargo del juez Dr. Gabriel Contreras Ag\u00fcero, se realizaron operativos en distintos domicilios de Puerto Deseado. En primera instancia, se intervino en un domicilio ubicado en Pueyrred\u00f3n 624, arrojando resultados negativos para la causa investigada, caratulada como homicidio en grado de tentativa en calidad de part\u00edcipe necesario.<img decoding=\"async\" class=\"alignnone size-full wp-image-27115 lazyload\" data-src=\"https:\/\/ecosdelsur.com\/wp-content\/uploads\/2025\/01\/d1bc9191-9b1c-4bb3-9a31-fc36c7bd3a36.jpg\" alt=\"\" width=\"1024\" height=\"656\" data-srcset=\"https:\/\/ecosdelsur.com\/wp-content\/uploads\/2025\/01\/d1bc9191-9b1c-4bb3-9a31-fc36c7bd3a36.jpg 1024w, https:\/\/ecosdelsur.com\/wp-content\/uploads\/2025\/01\/d1bc9191-9b1c-4bb3-9a31-fc36c7bd3a36-300x192.jpg 300w, https:\/\/ecosdelsur.com\/wp-content\/uploads\/2025\/01\/d1bc9191-9b1c-4bb3-9a31-fc36c7bd3a36-768x492.jpg 768w\" data-sizes=\"(max-width: 1024px) 100vw, 1024px\" src=\"data:image\/svg+xml;base64,PHN2ZyB3aWR0aD0iMSIgaGVpZ2h0PSIxIiB4bWxucz0iaHR0cDovL3d3dy53My5vcmcvMjAwMC9zdmciPjwvc3ZnPg==\" style=\"--smush-placeholder-width: 1024px; --smush-placeholder-aspect-ratio: 1024\/656;\" \/><\/p>\n<p>Posteriormente, las tareas continuaron en un domicilio del Barrio Rotary 23 de la ciudad de Caleta Olivia, sobre la calle Francia. All\u00ed, los efectivos lograron el secuestro de un arma de fuego calibre .22 y diversos elementos relacionados con sustancias estupefacientes, entre ellos cannabis sativa, clorhidrato de coca\u00edna, una balanza y dinero en efectivo. Ante esta situaci\u00f3n, se dio intervenci\u00f3n al Fiscal Federal, Dr. Fabricio Sachi.<\/p>\n<p>Los procedimientos fueron supervisados por el Ministro de Seguridad y el Jefe de Polic\u00eda, contaron con la colaboraci\u00f3n de diversas \u00e1reas operativas de la Polic\u00eda de Santa Cruz, entre ellas el Equipo T\u00e1ctico de las Fuerzas Especiales, Divisi\u00f3n Gabinete Criminal\u00edstico, Divisi\u00f3n Comisar\u00eda Quinta de Caleta Olivia, Divisi\u00f3n Narcocriminalidad Zona Norte y Guardia de Infanter\u00eda Zona Norte.<\/p>\n<p>Las investigaciones contin\u00faan su curso, reafirmando el compromiso de la Polic\u00eda de la Provincia de Santa Cruz en el esclarecimiento de este lamentable hecho.<\/p>\n","protected":false},"excerpt":{"rendered":"<p>S\u00e1bado, 11 Enero 2025 &#8211;\u00a0 En el marco de las investigaciones por el tiroteo que\u00a0 ocurri\u00f3 en el B\u00b0 2<\/p>\n","protected":false},"author":8,"featured_media":27116,"comment_status":"closed","ping_status":"closed","sticky":false,"template":"","format":"standard","meta":{"footnotes":""},"categories":[36],"tags":[],"class_list":["post-27113","post","type-post","status-publish","format-standard","has-post-thumbnail","hentry","category-policiales"],"_links":{"self":[{"href":"https:\/\/ecosdelsur.com\/index.php?rest_route=\/wp\/v2\/posts\/27113","targetHints":{"allow":["GET"]}}],"collection":[{"href":"https:\/\/ecosdelsur.com\/index.php?rest_route=\/wp\/v2\/posts"}],"about":[{"href":"https:\/\/ecosdelsur.com\/index.php?rest_route=\/wp\/v2\/types\/post"}],"author":[{"embeddable":true,"href":"https:\/\/ecosdelsur.com\/index.php?rest_route=\/wp\/v2\/users\/8"}],"replies":[{"embeddable":true,"href":"https:\/\/ecosdelsur.com\/index.php?rest_route=%2Fwp%2Fv2%2Fcomments&post=27113"}],"version-history":[{"count":0,"href":"https:\/\/ecosdelsur.com\/index.php?rest_route=\/wp\/v2\/posts\/27113\/revisions"}],"wp:featuredmedia":[{"embeddable":true,"href":"https:\/\/ecosdelsur.com\/index.php?rest_route=\/wp\/v2\/media\/27116"}],"wp:attachment":[{"href":"https:\/\/ecosdelsur.com\/index.php?rest_route=%2Fwp%2Fv2%2Fmedia&parent=27113"}],"wp:term":[{"taxonomy":"category","embeddable":true,"href":"https:\/\/ecosdelsur.com\/index.php?rest_route=%2Fwp%2Fv2%2Fcategories&post=27113"},{"taxonomy":"post_tag","embeddable":true,"href":"https:\/\/ecosdelsur.com\/index.php?rest_route=%2Fwp%2Fv2%2Ftags&post=27113"}],"curies":[{"name":"wp","href":"https:\/\/api.w.org\/{rel}","templated":true}]}}